{"id":11048,"date":"2019-09-13T07:36:44","date_gmt":"2019-09-13T06:36:44","guid":{"rendered":"https:\/\/icpraha.com\/podzim-travime-na-festivalech\/"},"modified":"2019-11-04T15:34:52","modified_gmt":"2019-11-04T14:34:52","slug":"podzim-travime-na-festivalech","status":"publish","type":"post","link":"https:\/\/old.icpraha.com\/en\/podzim-travime-na-festivalech\/","title":{"rendered":"We have been spending autumn at festivals"},"content":{"rendered":"<div id='av_section_1'  class='avia-section av-9ozze-f76b8117085b0f800b54e70e2bdc3cd8 main_color avia-section-default avia-no-border-styling  avia-builder-el-0  avia-builder-el-no-sibling  avia-bg-style-scroll container_wrap fullsize'  ><div class='container av-section-cont-open' ><main  role=\"main\" itemprop=\"mainContentOfPage\"  class='template-page content  av-content-full alpha units'><div class='post-entry post-entry-type-page post-entry-11048'><div class='entry-content-wrapper clearfix'>\n<div class='flex_column_table av-bp233-91896e5f74cebf3add88f6b866556db6 sc-av_one_full av-equal-height-column-flextable'>\n<style type=\"text\/css\" data-created_by=\"avia_inline_auto\" id=\"style-css-av-bp233-91896e5f74cebf3add88f6b866556db6\">\n#top .flex_column_table.av-equal-height-column-flextable.av-bp233-91896e5f74cebf3add88f6b866556db6{\nmargin-top:0px;\nmargin-bottom:30px;\n}\n.flex_column.av-bp233-91896e5f74cebf3add88f6b866556db6{\nborder-radius:10px 10px 10px 10px;\npadding:150px 30px 150px 30px;\nbackground:url(https:\/\/old.icpraha.com\/wp-content\/uploads\/2019\/09\/festivaly-1-1500x630.jpg) 100% 50% repeat-x scroll rgba(0,0,0,0.6);\n}\n<\/style>\n<div  class='flex_column av-bp233-91896e5f74cebf3add88f6b866556db6 av_one_full  avia-builder-el-1  el_before_av_one_third  avia-builder-el-first  shadow blend first flex_column_table_cell av-equal-height-column av-align-middle  '     ><style type=\"text\/css\" data-created_by=\"avia_inline_auto\" id=\"style-css-av-jkaxdisn-91b9282c5ecf7ecba229c1b121e03cb8\">\n#top .av_textblock_section.av-jkaxdisn-91b9282c5ecf7ecba229c1b121e03cb8 .avia_textblock{\nfont-size:18px;\ncolor:#ffffff;\n}\n<\/style>\n<section  class='av_textblock_section av-jkaxdisn-91b9282c5ecf7ecba229c1b121e03cb8 '   itemscope=\"itemscope\" itemtype=\"https:\/\/schema.org\/BlogPosting\" itemprop=\"blogPost\" ><div class='avia_textblock av_inherit_color'  itemprop=\"text\" ><h1 style=\"text-align: center;\"><b>We have been spending autumn at festivals\u00a0<\/b><\/h1>\n<h2 style=\"text-align: center;\">Where could you meet us?<\/h2>\n<\/div><\/section><\/div><\/div><!--close column table wrapper. Autoclose: 1 --><div class='flex_column_table av-bp233-98b35b8ff6a10d086cded563eac9656a sc-av_one_third av-break-at-tablet-flextable av-equal-height-column-flextable'>\n<style type=\"text\/css\" data-created_by=\"avia_inline_auto\" id=\"style-css-av-bp233-98b35b8ff6a10d086cded563eac9656a\">\n#top .flex_column_table.av-equal-height-column-flextable.av-bp233-98b35b8ff6a10d086cded563eac9656a{\nmargin-top:0px;\nmargin-bottom:30px;\n}\n.flex_column.av-bp233-98b35b8ff6a10d086cded563eac9656a{\nborder-radius:10px 10px 10px 10px;\npadding:30px 30px 30px 30px;\nbackground-color:#ffffff;\n}\n<\/style>\n<div  class='flex_column av-bp233-98b35b8ff6a10d086cded563eac9656a av_one_third  avia-builder-el-3  el_after_av_one_full  el_before_av_two_third  shadow first av-break-at-tablet flex_column_table_cell av-equal-height-column av-align-top  column-top-margin'     ><p>\n<style type=\"text\/css\" data-created_by=\"avia_inline_auto\" id=\"style-css-av-k0hs7sh7-7e7e5781c25629c8b70badaf65aa9c32\">\n.avia-image-container.av-k0hs7sh7-7e7e5781c25629c8b70badaf65aa9c32 img.avia_image{\nbox-shadow:none;\n}\n.avia-image-container.av-k0hs7sh7-7e7e5781c25629c8b70badaf65aa9c32 .av-image-caption-overlay-center{\ncolor:#000000;\nfont-size:12px;\n}\n<\/style>\n<div  class='avia-image-container av-k0hs7sh7-7e7e5781c25629c8b70badaf65aa9c32 av-styling- av-img-linked avia-align-center  avia-builder-el-4  el_before_av_image  avia-builder-el-first '   itemprop=\"image\" itemscope=\"itemscope\" itemtype=\"https:\/\/schema.org\/ImageObject\" ><div class=\"avia-image-container-inner\"><div class=\"avia-image-overlay-wrap\"><a href=\"https:\/\/old.icpraha.com\/wp-content\/uploads\/2019\/09\/festivaly-3-e1568114455195-773x1030.jpg\" data-srcset=\"https:\/\/old.icpraha.com\/wp-content\/uploads\/2019\/09\/festivaly-3-e1568114455195-773x1030.jpg 773w, https:\/\/old.icpraha.com\/wp-content\/uploads\/2019\/09\/festivaly-3-e1568114455195-225x300.jpg 225w, https:\/\/old.icpraha.com\/wp-content\/uploads\/2019\/09\/festivaly-3-e1568114455195-768x1024.jpg 768w, https:\/\/old.icpraha.com\/wp-content\/uploads\/2019\/09\/festivaly-3-e1568114455195.jpg 1125w, https:\/\/old.icpraha.com\/wp-content\/uploads\/2019\/09\/festivaly-3-e1568114455195-529x705.jpg 529w, https:\/\/old.icpraha.com\/wp-content\/uploads\/2019\/09\/festivaly-3-e1568114455195-450x600.jpg 450w\" data-sizes=\"(max-width: 773px) 100vw, 773px\" class='avia_image '  aria-label='festivaly 3'><img decoding=\"async\" fetchpriority=\"high\" class='wp-image-10910 avia-img-lazy-loading-not-10910 avia_image ' src=\"https:\/\/old.icpraha.com\/wp-content\/uploads\/2019\/09\/festivaly-3-e1568114455195-773x1030.jpg\" alt='' title='festivaly 3'  height=\"1030\" width=\"773\"  itemprop=\"thumbnailUrl\" srcset=\"https:\/\/old.icpraha.com\/wp-content\/uploads\/2019\/09\/festivaly-3-e1568114455195-773x1030.jpg 773w, https:\/\/old.icpraha.com\/wp-content\/uploads\/2019\/09\/festivaly-3-e1568114455195-225x300.jpg 225w, https:\/\/old.icpraha.com\/wp-content\/uploads\/2019\/09\/festivaly-3-e1568114455195-768x1024.jpg 768w, https:\/\/old.icpraha.com\/wp-content\/uploads\/2019\/09\/festivaly-3-e1568114455195.jpg 1125w, https:\/\/old.icpraha.com\/wp-content\/uploads\/2019\/09\/festivaly-3-e1568114455195-529x705.jpg 529w, https:\/\/old.icpraha.com\/wp-content\/uploads\/2019\/09\/festivaly-3-e1568114455195-450x600.jpg 450w\" sizes=\"(max-width: 773px) 100vw, 773px\" \/><\/a><\/div><\/div><\/div><br \/>\n\n<style type=\"text\/css\" data-created_by=\"avia_inline_auto\" id=\"style-css-av-k0hs7sh7-605353dda628a21dc21dceab5e8133e1\">\n.avia-image-container.av-k0hs7sh7-605353dda628a21dc21dceab5e8133e1 img.avia_image{\nbox-shadow:none;\n}\n.avia-image-container.av-k0hs7sh7-605353dda628a21dc21dceab5e8133e1 .av-image-caption-overlay-center{\ncolor:#000000;\nfont-size:12px;\n}\n<\/style>\n<div  class='avia-image-container av-k0hs7sh7-605353dda628a21dc21dceab5e8133e1 av-styling- av-img-linked avia-align-center  avia-builder-el-5  el_after_av_image  el_before_av_image '   itemprop=\"image\" itemscope=\"itemscope\" itemtype=\"https:\/\/schema.org\/ImageObject\" ><div class=\"avia-image-container-inner\"><div class=\"avia-image-overlay-wrap\"><a href=\"https:\/\/old.icpraha.com\/wp-content\/uploads\/2019\/09\/festivaly-1-1030x773.jpg\" data-srcset=\"https:\/\/old.icpraha.com\/wp-content\/uploads\/2019\/09\/festivaly-1-1030x773.jpg 1030w, https:\/\/old.icpraha.com\/wp-content\/uploads\/2019\/09\/festivaly-1-300x225.jpg 300w, https:\/\/old.icpraha.com\/wp-content\/uploads\/2019\/09\/festivaly-1-768x576.jpg 768w, https:\/\/old.icpraha.com\/wp-content\/uploads\/2019\/09\/festivaly-1-1500x1125.jpg 1500w, https:\/\/old.icpraha.com\/wp-content\/uploads\/2019\/09\/festivaly-1-705x529.jpg 705w, https:\/\/old.icpraha.com\/wp-content\/uploads\/2019\/09\/festivaly-1-450x338.jpg 450w\" data-sizes=\"(max-width: 1030px) 100vw, 1030px\" class='avia_image '  aria-label='festivaly 1'><img decoding=\"async\" fetchpriority=\"high\" class='wp-image-10902 avia-img-lazy-loading-not-10902 avia_image ' src=\"https:\/\/old.icpraha.com\/wp-content\/uploads\/2019\/09\/festivaly-1-1030x773.jpg\" alt='' title='festivaly 1'  height=\"773\" width=\"1030\"  itemprop=\"thumbnailUrl\" srcset=\"https:\/\/old.icpraha.com\/wp-content\/uploads\/2019\/09\/festivaly-1-1030x773.jpg 1030w, https:\/\/old.icpraha.com\/wp-content\/uploads\/2019\/09\/festivaly-1-300x225.jpg 300w, https:\/\/old.icpraha.com\/wp-content\/uploads\/2019\/09\/festivaly-1-768x576.jpg 768w, https:\/\/old.icpraha.com\/wp-content\/uploads\/2019\/09\/festivaly-1-1500x1125.jpg 1500w, https:\/\/old.icpraha.com\/wp-content\/uploads\/2019\/09\/festivaly-1-705x529.jpg 705w, https:\/\/old.icpraha.com\/wp-content\/uploads\/2019\/09\/festivaly-1-450x338.jpg 450w\" sizes=\"(max-width: 1030px) 100vw, 1030px\" \/><\/a><\/div><\/div><\/div><br \/>\n\n<style type=\"text\/css\" data-created_by=\"avia_inline_auto\" id=\"style-css-av-k0hs7sh7-2661e5669c9c62f6b6e16592370729f1\">\n.avia-image-container.av-k0hs7sh7-2661e5669c9c62f6b6e16592370729f1 img.avia_image{\nbox-shadow:none;\n}\n.avia-image-container.av-k0hs7sh7-2661e5669c9c62f6b6e16592370729f1 .av-image-caption-overlay-center{\ncolor:#000000;\nfont-size:12px;\n}\n<\/style>\n<div  class='avia-image-container av-k0hs7sh7-2661e5669c9c62f6b6e16592370729f1 av-styling- av-img-linked avia-align-center  avia-builder-el-6  el_after_av_image  avia-builder-el-last '   itemprop=\"image\" itemscope=\"itemscope\" itemtype=\"https:\/\/schema.org\/ImageObject\" ><div class=\"avia-image-container-inner\"><div class=\"avia-image-overlay-wrap\"><a href=\"https:\/\/old.icpraha.com\/wp-content\/uploads\/2019\/09\/festivaly-2-1030x773.jpg\" data-srcset=\"https:\/\/old.icpraha.com\/wp-content\/uploads\/2019\/09\/festivaly-2-1030x773.jpg 1030w, https:\/\/old.icpraha.com\/wp-content\/uploads\/2019\/09\/festivaly-2-300x225.jpg 300w, https:\/\/old.icpraha.com\/wp-content\/uploads\/2019\/09\/festivaly-2-768x576.jpg 768w, https:\/\/old.icpraha.com\/wp-content\/uploads\/2019\/09\/festivaly-2.jpg 1500w, https:\/\/old.icpraha.com\/wp-content\/uploads\/2019\/09\/festivaly-2-705x529.jpg 705w, https:\/\/old.icpraha.com\/wp-content\/uploads\/2019\/09\/festivaly-2-450x338.jpg 450w\" data-sizes=\"(max-width: 1030px) 100vw, 1030px\" class='avia_image '  aria-label='festivaly 2'><img decoding=\"async\" fetchpriority=\"high\" class='wp-image-10918 avia-img-lazy-loading-not-10918 avia_image ' src=\"https:\/\/old.icpraha.com\/wp-content\/uploads\/2019\/09\/festivaly-2-1030x773.jpg\" alt='' title='festivaly 2'  height=\"773\" width=\"1030\"  itemprop=\"thumbnailUrl\" srcset=\"https:\/\/old.icpraha.com\/wp-content\/uploads\/2019\/09\/festivaly-2-1030x773.jpg 1030w, https:\/\/old.icpraha.com\/wp-content\/uploads\/2019\/09\/festivaly-2-300x225.jpg 300w, https:\/\/old.icpraha.com\/wp-content\/uploads\/2019\/09\/festivaly-2-768x576.jpg 768w, https:\/\/old.icpraha.com\/wp-content\/uploads\/2019\/09\/festivaly-2.jpg 1500w, https:\/\/old.icpraha.com\/wp-content\/uploads\/2019\/09\/festivaly-2-705x529.jpg 705w, https:\/\/old.icpraha.com\/wp-content\/uploads\/2019\/09\/festivaly-2-450x338.jpg 450w\" sizes=\"(max-width: 1030px) 100vw, 1030px\" \/><\/a><\/div><\/div><\/div><\/p><\/div><div class='av-flex-placeholder'><\/div>\n<style type=\"text\/css\" data-created_by=\"avia_inline_auto\" id=\"style-css-av-bp233-6ffca03fd505b43d3cd36b1c1d4279a9\">\n#top .flex_column_table.av-equal-height-column-flextable.av-bp233-6ffca03fd505b43d3cd36b1c1d4279a9{\nmargin-top:0px;\nmargin-bottom:30px;\n}\n.flex_column.av-bp233-6ffca03fd505b43d3cd36b1c1d4279a9{\nborder-radius:10px 10px 10px 10px;\npadding:30px 30px 30px 30px;\nbackground-color:#ffffff;\n}\n<\/style>\n<div  class='flex_column av-bp233-6ffca03fd505b43d3cd36b1c1d4279a9 av_two_third  avia-builder-el-7  el_after_av_one_third  avia-builder-el-last  shadow av-break-at-tablet flex_column_table_cell av-equal-height-column av-align-top  column-top-margin'     ><section  class='av_textblock_section av-jkaxdisn-79f0c5fc7e51f651e1d9133c2faabacf '   itemscope=\"itemscope\" itemtype=\"https:\/\/schema.org\/BlogPosting\" itemprop=\"blogPost\" ><div class='avia_textblock'  itemprop=\"text\" ><p><strong>Autumn has traditionally been a period of cultural festivals for us, which is a great opportunity for ICP to know about the public and get to know one another better.<\/strong><\/p>\n<p><span style=\"font-weight: 400;\">We always want our stand to be not just about leaflets and other promotional materials. Therefore we create various accompanying activities related to the topic of integration. This year, we have prepared a quiz of facts about Czech citizenship, in which foreigners can verify their knowledge about Czech culture. Czechs can also find out that obtaining Czech citizenship is not as easy as it may seem. In addition, visitors to our stand could try a language memory game and those who are creative were given an opportunity to make a Mexican &#8220;sugar skull&#8221; mask.<\/span><\/p>\n<p><strong>Festivals you could have met us at:<\/strong><\/p>\n<p>7. 9. \u2013 <a href=\"https:\/\/www.facebook.com\/events\/400725497205059\/\" target=\"_blank\" rel=\"noopener noreferrer\">Poznejme se, soused\u00e9<\/a><br \/>\n12. 9. \u2013 <a href=\"https:\/\/www.praha5.cz\/den-neziskovych-organizaci-na-praze-5\/\" target=\"_blank\" rel=\"noopener noreferrer\">Den neziskov\u00fdch organizac\u00ed<\/a><br \/>\n14. 9. \u2013 <a href=\"https:\/\/www.facebook.com\/events\/617046168706846\/\" target=\"_blank\" rel=\"noopener noreferrer\">Za\u017e\u00edt Americkou jinak<\/a><br \/>\n22. 9. \u2013 <a href=\"https:\/\/www.facebook.com\/events\/392375834804341\/\" target=\"_blank\" rel=\"noopener noreferrer\">Cestou zem\u00ed \u010deskou<\/a><\/p>\n<\/div><\/section><\/div><\/div><!--close column table wrapper. Autoclose: 1 -->\n","protected":false},"excerpt":{"rendered":"<p>Podzim je pro n\u00e1s ji\u017e tradi\u010dn\u011b obdob\u00edm kulturn\u00edch festival\u016f, kter\u00e9 jsou pro ICP skv\u011blou p\u0159\u00edle\u017eitost\u00ed, jak o sob\u011b d\u00e1t v\u011bd\u011bt \u0161irok\u00e9 ve\u0159ejnosti a bl\u00ed\u017ee se s V\u00e1mi sezn\u00e1mit.<\/p>\n","protected":false},"author":1,"featured_media":10918,"comment_status":"closed","ping_status":"closed","sticky":false,"template":"","format":"standard","meta":{"footnotes":""},"categories":[101,58],"tags":[],"class_list":["post-11048","post","type-post","status-publish","format-standard","has-post-thumbnail","hentry","category-cultural-events","category-news-category"],"yoast_head":"<!-- This site is optimized with the Yoast SEO plugin v25.3 - https:\/\/yoast.com\/wordpress\/plugins\/seo\/ -->\n<title>We have been spending autumn at festivals - Integra\u010dn\u00ed centrum Praha<\/title>\n<meta name=\"robots\" content=\"noindex, follow, max-snippet:-1, max-image-preview:large, max-video-preview:-1\" \/>\n<meta property=\"og:locale\" content=\"en_US\" \/>\n<meta property=\"og:type\" content=\"article\" \/>\n<meta property=\"og:title\" content=\"We have been spending autumn at festivals - Integra\u010dn\u00ed centrum Praha\" \/>\n<meta property=\"og:description\" content=\"Podzim je pro n\u00e1s ji\u017e tradi\u010dn\u011b obdob\u00edm kulturn\u00edch festival\u016f, kter\u00e9 jsou pro ICP skv\u011blou p\u0159\u00edle\u017eitost\u00ed, jak o sob\u011b d\u00e1t v\u011bd\u011bt \u0161irok\u00e9 ve\u0159ejnosti a bl\u00ed\u017ee se s V\u00e1mi sezn\u00e1mit.\" \/>\n<meta property=\"og:url\" content=\"https:\/\/old.icpraha.com\/podzim-travime-na-festivalech\/\" \/>\n<meta property=\"og:site_name\" content=\"Integra\u010dn\u00ed centrum Praha\" \/>\n<meta property=\"article:publisher\" content=\"https:\/\/www.facebook.com\/ICPraha\" \/>\n<meta property=\"article:published_time\" content=\"2019-09-13T06:36:44+00:00\" \/>\n<meta property=\"article:modified_time\" content=\"2019-11-04T14:34:52+00:00\" \/>\n<meta property=\"og:image\" content=\"https:\/\/old.icpraha.com\/wp-content\/uploads\/2019\/09\/festivaly-2.jpg\" \/>\n\t<meta property=\"og:image:width\" content=\"1500\" \/>\n\t<meta property=\"og:image:height\" content=\"1125\" \/>\n\t<meta property=\"og:image:type\" content=\"image\/jpeg\" \/>\n<meta name=\"author\" content=\"devMartin\" \/>\n<meta name=\"twitter:card\" content=\"summary_large_image\" \/>\n<meta name=\"twitter:creator\" content=\"@ICPraha\" \/>\n<meta name=\"twitter:site\" content=\"@ICPraha\" \/>\n<meta name=\"twitter:label1\" content=\"Written by\" \/>\n\t<meta name=\"twitter:data1\" content=\"devMartin\" \/>\n\t<meta name=\"twitter:label2\" content=\"Est. reading time\" \/>\n\t<meta name=\"twitter:data2\" content=\"5 minutes\" \/>\n<script type=\"application\/ld+json\" class=\"yoast-schema-graph\">{\"@context\":\"https:\/\/schema.org\",\"@graph\":[{\"@type\":\"Article\",\"@id\":\"https:\/\/old.icpraha.com\/podzim-travime-na-festivalech\/#article\",\"isPartOf\":{\"@id\":\"https:\/\/old.icpraha.com\/podzim-travime-na-festivalech\/\"},\"author\":{\"name\":\"devMartin\",\"@id\":\"https:\/\/icpraha.com\/uk\/#\/schema\/person\/f1d0790724bd296650179620202002d0\"},\"headline\":\"We have been spending autumn at festivals\",\"datePublished\":\"2019-09-13T06:36:44+00:00\",\"dateModified\":\"2019-11-04T14:34:52+00:00\",\"mainEntityOfPage\":{\"@id\":\"https:\/\/old.icpraha.com\/podzim-travime-na-festivalech\/\"},\"wordCount\":793,\"publisher\":{\"@id\":\"https:\/\/icpraha.com\/uk\/#organization\"},\"image\":{\"@id\":\"https:\/\/old.icpraha.com\/podzim-travime-na-festivalech\/#primaryimage\"},\"thumbnailUrl\":\"https:\/\/old.icpraha.com\/wp-content\/uploads\/2019\/09\/festivaly-2.jpg\",\"articleSection\":[\"Cultural events\",\"News\"],\"inLanguage\":\"en-US\"},{\"@type\":\"WebPage\",\"@id\":\"https:\/\/old.icpraha.com\/podzim-travime-na-festivalech\/\",\"url\":\"https:\/\/old.icpraha.com\/podzim-travime-na-festivalech\/\",\"name\":\"We have been spending autumn at festivals - Integra\u010dn\u00ed centrum Praha\",\"isPartOf\":{\"@id\":\"https:\/\/icpraha.com\/uk\/#website\"},\"primaryImageOfPage\":{\"@id\":\"https:\/\/old.icpraha.com\/podzim-travime-na-festivalech\/#primaryimage\"},\"image\":{\"@id\":\"https:\/\/old.icpraha.com\/podzim-travime-na-festivalech\/#primaryimage\"},\"thumbnailUrl\":\"https:\/\/old.icpraha.com\/wp-content\/uploads\/2019\/09\/festivaly-2.jpg\",\"datePublished\":\"2019-09-13T06:36:44+00:00\",\"dateModified\":\"2019-11-04T14:34:52+00:00\",\"breadcrumb\":{\"@id\":\"https:\/\/old.icpraha.com\/podzim-travime-na-festivalech\/#breadcrumb\"},\"inLanguage\":\"en-US\",\"potentialAction\":[{\"@type\":\"ReadAction\",\"target\":[\"https:\/\/old.icpraha.com\/podzim-travime-na-festivalech\/\"]}]},{\"@type\":\"ImageObject\",\"inLanguage\":\"en-US\",\"@id\":\"https:\/\/old.icpraha.com\/podzim-travime-na-festivalech\/#primaryimage\",\"url\":\"https:\/\/old.icpraha.com\/wp-content\/uploads\/2019\/09\/festivaly-2.jpg\",\"contentUrl\":\"https:\/\/old.icpraha.com\/wp-content\/uploads\/2019\/09\/festivaly-2.jpg\",\"width\":1500,\"height\":1125},{\"@type\":\"BreadcrumbList\",\"@id\":\"https:\/\/old.icpraha.com\/podzim-travime-na-festivalech\/#breadcrumb\",\"itemListElement\":[{\"@type\":\"ListItem\",\"position\":1,\"name\":\"Dom\u016f\",\"item\":\"https:\/\/icpraha.com\/en\/\"},{\"@type\":\"ListItem\",\"position\":2,\"name\":\"We have been spending autumn at festivals\"}]},{\"@type\":\"WebSite\",\"@id\":\"https:\/\/icpraha.com\/uk\/#website\",\"url\":\"https:\/\/icpraha.com\/uk\/\",\"name\":\"Integra\u010dn\u00ed centrum Praha\",\"description\":\"Praha \u2013 Metropole v\u0161ech\",\"publisher\":{\"@id\":\"https:\/\/icpraha.com\/uk\/#organization\"},\"potentialAction\":[{\"@type\":\"SearchAction\",\"target\":{\"@type\":\"EntryPoint\",\"urlTemplate\":\"https:\/\/icpraha.com\/uk\/?s={search_term_string}\"},\"query-input\":{\"@type\":\"PropertyValueSpecification\",\"valueRequired\":true,\"valueName\":\"search_term_string\"}}],\"inLanguage\":\"en-US\"},{\"@type\":\"Organization\",\"@id\":\"https:\/\/icpraha.com\/uk\/#organization\",\"name\":\"Integra\u010dn\u00ed centrum Praha o.p.s.\",\"url\":\"https:\/\/icpraha.com\/uk\/\",\"logo\":{\"@type\":\"ImageObject\",\"inLanguage\":\"en-US\",\"@id\":\"https:\/\/icpraha.com\/uk\/#\/schema\/logo\/image\/\",\"url\":\"https:\/\/old.icpraha.com\/wp-content\/uploads\/2018\/08\/ICP-full-color-medium.png\",\"contentUrl\":\"https:\/\/old.icpraha.com\/wp-content\/uploads\/2018\/08\/ICP-full-color-medium.png\",\"width\":1000,\"height\":429,\"caption\":\"Integra\u010dn\u00ed centrum Praha o.p.s.\"},\"image\":{\"@id\":\"https:\/\/icpraha.com\/uk\/#\/schema\/logo\/image\/\"},\"sameAs\":[\"https:\/\/www.facebook.com\/ICPraha\",\"https:\/\/x.com\/ICPraha\",\"https:\/\/www.instagram.com\/icpraha\"]},{\"@type\":\"Person\",\"@id\":\"https:\/\/icpraha.com\/uk\/#\/schema\/person\/f1d0790724bd296650179620202002d0\",\"name\":\"devMartin\"}]}<\/script>\n<!-- \/ Yoast SEO plugin. -->","yoast_head_json":{"title":"We have been spending autumn at festivals - Integra\u010dn\u00ed centrum Praha","robots":{"index":"noindex","follow":"follow","max-snippet":"max-snippet:-1","max-image-preview":"max-image-preview:large","max-video-preview":"max-video-preview:-1"},"og_locale":"en_US","og_type":"article","og_title":"We have been spending autumn at festivals - Integra\u010dn\u00ed centrum Praha","og_description":"Podzim je pro n\u00e1s ji\u017e tradi\u010dn\u011b obdob\u00edm kulturn\u00edch festival\u016f, kter\u00e9 jsou pro ICP skv\u011blou p\u0159\u00edle\u017eitost\u00ed, jak o sob\u011b d\u00e1t v\u011bd\u011bt \u0161irok\u00e9 ve\u0159ejnosti a bl\u00ed\u017ee se s V\u00e1mi sezn\u00e1mit.","og_url":"https:\/\/old.icpraha.com\/podzim-travime-na-festivalech\/","og_site_name":"Integra\u010dn\u00ed centrum Praha","article_publisher":"https:\/\/www.facebook.com\/ICPraha","article_published_time":"2019-09-13T06:36:44+00:00","article_modified_time":"2019-11-04T14:34:52+00:00","og_image":[{"width":1500,"height":1125,"url":"https:\/\/old.icpraha.com\/wp-content\/uploads\/2019\/09\/festivaly-2.jpg","type":"image\/jpeg"}],"author":"devMartin","twitter_card":"summary_large_image","twitter_creator":"@ICPraha","twitter_site":"@ICPraha","twitter_misc":{"Written by":"devMartin","Est. reading time":"5 minutes"},"schema":{"@context":"https:\/\/schema.org","@graph":[{"@type":"Article","@id":"https:\/\/old.icpraha.com\/podzim-travime-na-festivalech\/#article","isPartOf":{"@id":"https:\/\/old.icpraha.com\/podzim-travime-na-festivalech\/"},"author":{"name":"devMartin","@id":"https:\/\/icpraha.com\/uk\/#\/schema\/person\/f1d0790724bd296650179620202002d0"},"headline":"We have been spending autumn at festivals","datePublished":"2019-09-13T06:36:44+00:00","dateModified":"2019-11-04T14:34:52+00:00","mainEntityOfPage":{"@id":"https:\/\/old.icpraha.com\/podzim-travime-na-festivalech\/"},"wordCount":793,"publisher":{"@id":"https:\/\/icpraha.com\/uk\/#organization"},"image":{"@id":"https:\/\/old.icpraha.com\/podzim-travime-na-festivalech\/#primaryimage"},"thumbnailUrl":"https:\/\/old.icpraha.com\/wp-content\/uploads\/2019\/09\/festivaly-2.jpg","articleSection":["Cultural events","News"],"inLanguage":"en-US"},{"@type":"WebPage","@id":"https:\/\/old.icpraha.com\/podzim-travime-na-festivalech\/","url":"https:\/\/old.icpraha.com\/podzim-travime-na-festivalech\/","name":"We have been spending autumn at festivals - Integra\u010dn\u00ed centrum Praha","isPartOf":{"@id":"https:\/\/icpraha.com\/uk\/#website"},"primaryImageOfPage":{"@id":"https:\/\/old.icpraha.com\/podzim-travime-na-festivalech\/#primaryimage"},"image":{"@id":"https:\/\/old.icpraha.com\/podzim-travime-na-festivalech\/#primaryimage"},"thumbnailUrl":"https:\/\/old.icpraha.com\/wp-content\/uploads\/2019\/09\/festivaly-2.jpg","datePublished":"2019-09-13T06:36:44+00:00","dateModified":"2019-11-04T14:34:52+00:00","breadcrumb":{"@id":"https:\/\/old.icpraha.com\/podzim-travime-na-festivalech\/#breadcrumb"},"inLanguage":"en-US","potentialAction":[{"@type":"ReadAction","target":["https:\/\/old.icpraha.com\/podzim-travime-na-festivalech\/"]}]},{"@type":"ImageObject","inLanguage":"en-US","@id":"https:\/\/old.icpraha.com\/podzim-travime-na-festivalech\/#primaryimage","url":"https:\/\/old.icpraha.com\/wp-content\/uploads\/2019\/09\/festivaly-2.jpg","contentUrl":"https:\/\/old.icpraha.com\/wp-content\/uploads\/2019\/09\/festivaly-2.jpg","width":1500,"height":1125},{"@type":"BreadcrumbList","@id":"https:\/\/old.icpraha.com\/podzim-travime-na-festivalech\/#breadcrumb","itemListElement":[{"@type":"ListItem","position":1,"name":"Dom\u016f","item":"https:\/\/icpraha.com\/en\/"},{"@type":"ListItem","position":2,"name":"We have been spending autumn at festivals"}]},{"@type":"WebSite","@id":"https:\/\/icpraha.com\/uk\/#website","url":"https:\/\/icpraha.com\/uk\/","name":"Integra\u010dn\u00ed centrum Praha","description":"Praha \u2013 Metropole v\u0161ech","publisher":{"@id":"https:\/\/icpraha.com\/uk\/#organization"},"potentialAction":[{"@type":"SearchAction","target":{"@type":"EntryPoint","urlTemplate":"https:\/\/icpraha.com\/uk\/?s={search_term_string}"},"query-input":{"@type":"PropertyValueSpecification","valueRequired":true,"valueName":"search_term_string"}}],"inLanguage":"en-US"},{"@type":"Organization","@id":"https:\/\/icpraha.com\/uk\/#organization","name":"Integra\u010dn\u00ed centrum Praha o.p.s.","url":"https:\/\/icpraha.com\/uk\/","logo":{"@type":"ImageObject","inLanguage":"en-US","@id":"https:\/\/icpraha.com\/uk\/#\/schema\/logo\/image\/","url":"https:\/\/old.icpraha.com\/wp-content\/uploads\/2018\/08\/ICP-full-color-medium.png","contentUrl":"https:\/\/old.icpraha.com\/wp-content\/uploads\/2018\/08\/ICP-full-color-medium.png","width":1000,"height":429,"caption":"Integra\u010dn\u00ed centrum Praha o.p.s."},"image":{"@id":"https:\/\/icpraha.com\/uk\/#\/schema\/logo\/image\/"},"sameAs":["https:\/\/www.facebook.com\/ICPraha","https:\/\/x.com\/ICPraha","https:\/\/www.instagram.com\/icpraha"]},{"@type":"Person","@id":"https:\/\/icpraha.com\/uk\/#\/schema\/person\/f1d0790724bd296650179620202002d0","name":"devMartin"}]}},"_links":{"self":[{"href":"https:\/\/old.icpraha.com\/en\/wp-json\/wp\/v2\/posts\/11048","targetHints":{"allow":["GET"]}}],"collection":[{"href":"https:\/\/old.icpraha.com\/en\/wp-json\/wp\/v2\/posts"}],"about":[{"href":"https:\/\/old.icpraha.com\/en\/wp-json\/wp\/v2\/types\/post"}],"author":[{"embeddable":true,"href":"https:\/\/old.icpraha.com\/en\/wp-json\/wp\/v2\/users\/1"}],"replies":[{"embeddable":true,"href":"https:\/\/old.icpraha.com\/en\/wp-json\/wp\/v2\/comments?post=11048"}],"version-history":[{"count":0,"href":"https:\/\/old.icpraha.com\/en\/wp-json\/wp\/v2\/posts\/11048\/revisions"}],"wp:featuredmedia":[{"embeddable":true,"href":"https:\/\/old.icpraha.com\/en\/wp-json\/wp\/v2\/media\/10918"}],"wp:attachment":[{"href":"https:\/\/old.icpraha.com\/en\/wp-json\/wp\/v2\/media?parent=11048"}],"wp:term":[{"taxonomy":"category","embeddable":true,"href":"https:\/\/old.icpraha.com\/en\/wp-json\/wp\/v2\/categories?post=11048"},{"taxonomy":"post_tag","embeddable":true,"href":"https:\/\/old.icpraha.com\/en\/wp-json\/wp\/v2\/tags?post=11048"}],"curies":[{"name":"wp","href":"https:\/\/api.w.org\/{rel}","templated":true}]}}