{"id":19200,"date":"2021-07-08T21:13:41","date_gmt":"2021-07-08T20:13:41","guid":{"rendered":"https:\/\/icpraha.com\/?p=19200"},"modified":"2021-07-08T21:36:23","modified_gmt":"2021-07-08T20:36:23","slug":"czech-language-courses-autumn-semester-2021","status":"publish","type":"post","link":"https:\/\/old.icpraha.com\/en\/czech-language-courses-autumn-semester-2021\/","title":{"rendered":"Czech language courses &#8211; autumn semester 2021"},"content":{"rendered":"<div id='1'  class='avia-section av-kqv6njnh-c354f406dcd8a3ef79069560bfb539eb main_color avia-section-default avia-no-border-styling  avia-builder-el-0  avia-builder-el-no-sibling  avia-bg-style-scroll container_wrap fullsize'  ><div class='container av-section-cont-open' ><main  role=\"main\" itemprop=\"mainContentOfPage\"  class='template-page content  av-content-full alpha units'><div class='post-entry post-entry-type-page post-entry-19200'><div class='entry-content-wrapper clearfix'>\n<div class='flex_column_table av-bp233-c2bd622ba7e710661b7f55b9e7b79700 sc-av_one_full av-equal-height-column-flextable'>\n<style type=\"text\/css\" data-created_by=\"avia_inline_auto\" id=\"style-css-av-bp233-c2bd622ba7e710661b7f55b9e7b79700\">\n#top .flex_column_table.av-equal-height-column-flextable.av-bp233-c2bd622ba7e710661b7f55b9e7b79700{\nmargin-top:0px;\nmargin-bottom:30px;\n}\n.flex_column.av-bp233-c2bd622ba7e710661b7f55b9e7b79700{\nborder-radius:10px 10px 10px 10px;\npadding:150px 30px 150px 30px;\nbackground:url(https:\/\/old.icpraha.com\/wp-content\/uploads\/2021\/07\/kurzy-2021-preview-1030x539.png) 50% 50% repeat-x scroll rgba(0,0,0,0.6);\n}\n<\/style>\n<div  class='flex_column av-bp233-c2bd622ba7e710661b7f55b9e7b79700 av_one_full  avia-builder-el-1  el_before_av_one_full  avia-builder-el-first  shadow blend first flex_column_table_cell av-equal-height-column av-align-middle  '     ><style type=\"text\/css\" data-created_by=\"avia_inline_auto\" id=\"style-css-av-jkaxdisn-8370c14f8155e7e1b21e66797502e2c8\">\n#top .av_textblock_section.av-jkaxdisn-8370c14f8155e7e1b21e66797502e2c8 .avia_textblock{\nfont-size:18px;\ncolor:#ffffff;\n}\n<\/style>\n<section  class='av_textblock_section av-jkaxdisn-8370c14f8155e7e1b21e66797502e2c8 '   itemscope=\"itemscope\" itemtype=\"https:\/\/schema.org\/BlogPosting\" itemprop=\"blogPost\" ><div class='avia_textblock av_inherit_color'  itemprop=\"text\" ><h1 style=\"text-align: center;\">Czech language courses &#8211; autumn semester 2021<\/h1>\n<h2 class=\"p1\" style=\"text-align: center;\"><span class=\"s1\">Registration open from July 12 to 18<\/span><\/h2>\n<\/div><\/section><\/div><\/div><!--close column table wrapper. Autoclose: 1 --><div class='flex_column_table av-7gs9qwh-4a0551432d6f97d1228c771911f4e0bc sc-av_one_full av-equal-height-column-flextable'>\n<style type=\"text\/css\" data-created_by=\"avia_inline_auto\" id=\"style-css-av-7gs9qwh-4a0551432d6f97d1228c771911f4e0bc\">\n#top .flex_column_table.av-equal-height-column-flextable.av-7gs9qwh-4a0551432d6f97d1228c771911f4e0bc{\nmargin-top:0px;\nmargin-bottom:30px;\n}\n.flex_column.av-7gs9qwh-4a0551432d6f97d1228c771911f4e0bc{\nborder-radius:10px 10px 10px 10px;\npadding:30px 30px 30px 30px;\nbackground-color:#ffffff;\n}\n<\/style>\n<div  class='flex_column av-7gs9qwh-4a0551432d6f97d1228c771911f4e0bc av_one_full  avia-builder-el-3  el_after_av_one_full  el_before_av_one_third  shadow first flex_column_table_cell av-equal-height-column av-align-top  column-top-margin'     ><section  class='av_textblock_section av-kqv6m395-524458c43fab6c9a859d6ec272cecc01 '   itemscope=\"itemscope\" itemtype=\"https:\/\/schema.org\/BlogPosting\" itemprop=\"blogPost\" ><div class='avia_textblock'  itemprop=\"text\" ><p class=\"p1\"><strong><span class=\"s1\">Do you want to improve in Czech? Try your luck and sign up for the autumn semester of Czech language courses at ICP. See below for more information.<\/span><\/strong><\/p>\n<\/div><\/section><\/div><\/div><!--close column table wrapper. Autoclose: 1 --><div class='flex_column_table av-735uzwx-a100ccd065030d039850b1c0f77ac735 sc-av_one_third av-equal-height-column-flextable'>\n<style type=\"text\/css\" data-created_by=\"avia_inline_auto\" id=\"style-css-av-735uzwx-a100ccd065030d039850b1c0f77ac735\">\n#top .flex_column_table.av-equal-height-column-flextable.av-735uzwx-a100ccd065030d039850b1c0f77ac735{\nmargin-top:0px;\nmargin-bottom:30px;\n}\n.flex_column.av-735uzwx-a100ccd065030d039850b1c0f77ac735{\nborder-radius:10px 10px 10px 10px;\npadding:30px 30px 30px 30px;\nbackground-color:#148a73;\nbackground:linear-gradient( to top right, #148a73, #97b34d );\n}\n<\/style>\n<div  class='flex_column av-735uzwx-a100ccd065030d039850b1c0f77ac735 av_one_third  avia-builder-el-5  el_after_av_one_full  el_before_av_two_third  shadow first flex_column_table_cell av-equal-height-column av-align-middle av-hide-on-mobile  column-top-margin'     ><style type=\"text\/css\" data-created_by=\"avia_inline_auto\" id=\"style-css-av-6sgaok1-2aedc38abe14bfd08c907810d7eaf76c\">\n.av_font_icon.av-6sgaok1-2aedc38abe14bfd08c907810d7eaf76c{\ncolor:#ffffff;\nborder-color:#ffffff;\n}\n.av_font_icon.av-6sgaok1-2aedc38abe14bfd08c907810d7eaf76c .av-icon-char{\nfont-size:120px;\nline-height:120px;\n}\n<\/style>\n<span  class='av_font_icon av-6sgaok1-2aedc38abe14bfd08c907810d7eaf76c avia_animate_when_visible av-icon-style- avia-icon-pos-center avia-icon-animate'><span class='av-icon-char' aria-hidden='true' data-av_icon='\uf147' data-av_iconfont='flaticon' ><\/span><\/span><\/div><div class='av-flex-placeholder'><\/div>\n<style type=\"text\/css\" data-created_by=\"avia_inline_auto\" id=\"style-css-av-av_two_third-d52ee1ac15f5cf0c908d20592657e21d\">\n#top .flex_column_table.av-equal-height-column-flextable.av-av_two_third-d52ee1ac15f5cf0c908d20592657e21d{\nmargin-top:0px;\nmargin-bottom:30px;\n}\n.flex_column.av-av_two_third-d52ee1ac15f5cf0c908d20592657e21d{\nborder-radius:10px 10px 10px 10px;\npadding:30px 30px 30px 30px;\nbackground-color:#ffffff;\n}\n<\/style>\n<div  class='flex_column av-av_two_third-d52ee1ac15f5cf0c908d20592657e21d av_two_third  avia-builder-el-7  el_after_av_one_third  el_before_av_two_third  shadow flex_column_table_cell av-equal-height-column av-align-middle  column-top-margin'     ><section  class='av_textblock_section av-av_textblock-23482006190359359522c957f3a311aa '   itemscope=\"itemscope\" itemtype=\"https:\/\/schema.org\/BlogPosting\" itemprop=\"blogPost\" ><div class='avia_textblock'  itemprop=\"text\" ><h2>Who are the courses meant for?<\/h2>\n<p>Czech language courses are primarily meant for third-country nationals with a legal stay in the territory of the Czech Republic for a period exceeding 90 days. Starting January 2021, we also offer one Czech language course for EU citizens each semester.<\/p>\n<p><strong>None of the courses are meant for applicants for international protection.<\/strong><\/p>\n<\/div><\/section><\/div><\/div><!--close column table wrapper. Autoclose: 1 --><div class='flex_column_table av-av_two_third-c483b2022dd7d40b59963cc7634024a4 sc-av_two_third av-equal-height-column-flextable'>\n<style type=\"text\/css\" data-created_by=\"avia_inline_auto\" id=\"style-css-av-av_two_third-c483b2022dd7d40b59963cc7634024a4\">\n#top .flex_column_table.av-equal-height-column-flextable.av-av_two_third-c483b2022dd7d40b59963cc7634024a4{\nmargin-top:0px;\nmargin-bottom:30px;\n}\n.flex_column.av-av_two_third-c483b2022dd7d40b59963cc7634024a4{\nborder-radius:10px 10px 10px 10px;\npadding:30px 30px 30px 30px;\nbackground-color:#ffffff;\n}\n<\/style>\n<div  class='flex_column av-av_two_third-c483b2022dd7d40b59963cc7634024a4 av_two_third  avia-builder-el-9  el_after_av_two_third  el_before_av_one_third  shadow first flex_column_table_cell av-equal-height-column av-align-top  column-top-margin'     ><section  class='av_textblock_section av-av_textblock-23482006190359359522c957f3a311aa '   itemscope=\"itemscope\" itemtype=\"https:\/\/schema.org\/BlogPosting\" itemprop=\"blogPost\" ><div class='avia_textblock'  itemprop=\"text\" ><h2>What are the attendance conditions?<\/h2>\n<ul>\n<li>Before starting the course, you&#8217;ll pay a 2000 CZK motivational deposit. If your attendance is 70% or higher, we&#8217;ll return your deposit in full.<\/li>\n<li>You cannot repeatedly sign up for a course of the same level.<\/li>\n<li>You cannot apply for a residence permit for the purpose &#8220;studies&#8221; based on your registration, acceptance, and participation in this Czech language course.<\/li>\n<\/ul>\n<\/div><\/section><\/div><div class='av-flex-placeholder'><\/div>\n<style type=\"text\/css\" data-created_by=\"avia_inline_auto\" id=\"style-css-av-4eq6acx-7175033c829336a8203141ca203e3490\">\n#top .flex_column_table.av-equal-height-column-flextable.av-4eq6acx-7175033c829336a8203141ca203e3490{\nmargin-top:0px;\nmargin-bottom:30px;\n}\n.flex_column.av-4eq6acx-7175033c829336a8203141ca203e3490{\nborder-radius:10px 10px 10px 10px;\npadding:30px 30px 30px 30px;\nbackground-color:#148a73;\nbackground:linear-gradient( to top right, #148a73, #97b34d );\n}\n<\/style>\n<div  class='flex_column av-4eq6acx-7175033c829336a8203141ca203e3490 av_one_third  avia-builder-el-11  el_after_av_two_third  el_before_av_one_full  shadow flex_column_table_cell av-equal-height-column av-align-top av-hide-on-mobile  column-top-margin'     ><style type=\"text\/css\" data-created_by=\"avia_inline_auto\" id=\"style-css-av-43xgdht-2af29fb91525589399aadd9a3a0c0fb3\">\n.av_font_icon.av-43xgdht-2af29fb91525589399aadd9a3a0c0fb3{\ncolor:#ffffff;\nborder-color:#ffffff;\n}\n.av_font_icon.av-43xgdht-2af29fb91525589399aadd9a3a0c0fb3 .av-icon-char{\nfont-size:120px;\nline-height:120px;\n}\n<\/style>\n<span  class='av_font_icon av-43xgdht-2af29fb91525589399aadd9a3a0c0fb3 avia_animate_when_visible av-icon-style- avia-icon-pos-center avia-icon-animate'><span class='av-icon-char' aria-hidden='true' data-av_icon='\uf101' data-av_iconfont='flaticon' ><\/span><\/span><\/div><\/div><!--close column table wrapper. Autoclose: 1 -->\n<style type=\"text\/css\" data-created_by=\"avia_inline_auto\" id=\"style-css-av-3lhwrsh-5c1371ce2df11338f9268b80ee1cd2f9\">\n#top .flex_column.av-3lhwrsh-5c1371ce2df11338f9268b80ee1cd2f9{\nmargin-top:30px;\nmargin-bottom:30px;\n}\n.flex_column.av-3lhwrsh-5c1371ce2df11338f9268b80ee1cd2f9{\nborder-radius:0px 0px 0px 0px;\npadding:0px 0px 0px 0px;\n}\n.responsive #top #wrap_all .flex_column.av-3lhwrsh-5c1371ce2df11338f9268b80ee1cd2f9{\nmargin-top:30px;\nmargin-bottom:30px;\n}\n<\/style>\n<div  class='flex_column av-3lhwrsh-5c1371ce2df11338f9268b80ee1cd2f9 av_one_full  avia-builder-el-13  el_after_av_one_third  el_before_av_one_half  first flex_column_div av-zero-column-padding  column-top-margin'     ><section  class='av_textblock_section av-kqv6cyzi-97fe14dc6c001996ca19abd36429933c '   itemscope=\"itemscope\" itemtype=\"https:\/\/schema.org\/BlogPosting\" itemprop=\"blogPost\" ><div class='avia_textblock'  itemprop=\"text\" ><h2 class=\"p1\" style=\"text-align: center;\"><span class=\"s1\">What courses are we opening now?<\/span><\/h2>\n<\/div><\/section><\/div><div class='flex_column_table av-av_one_half-c483b2022dd7d40b59963cc7634024a4 sc-av_one_half av-equal-height-column-flextable'>\n<style type=\"text\/css\" data-created_by=\"avia_inline_auto\" id=\"style-css-av-av_one_half-c483b2022dd7d40b59963cc7634024a4\">\n#top .flex_column_table.av-equal-height-column-flextable.av-av_one_half-c483b2022dd7d40b59963cc7634024a4{\nmargin-top:0px;\nmargin-bottom:30px;\n}\n.flex_column.av-av_one_half-c483b2022dd7d40b59963cc7634024a4{\nborder-radius:10px 10px 10px 10px;\npadding:30px 30px 30px 30px;\nbackground-color:#ffffff;\n}\n<\/style>\n<div  class='flex_column av-av_one_half-c483b2022dd7d40b59963cc7634024a4 av_one_half  avia-builder-el-15  el_after_av_one_full  el_before_av_one_half  shadow first flex_column_table_cell av-equal-height-column av-align-top  column-top-margin'     ><section  class='av_textblock_section av-av_textblock-23482006190359359522c957f3a311aa '   itemscope=\"itemscope\" itemtype=\"https:\/\/schema.org\/BlogPosting\" itemprop=\"blogPost\" ><div class='avia_textblock'  itemprop=\"text\" ><h2>Standard attendance courses<\/h2>\n<ul>\n<li style=\"font-weight: 400;\">Levels A1 and A2<\/li>\n<li style=\"font-weight: 400;\">100 teaching hours<\/li>\n<\/ul>\n<\/div><\/section><br \/>\n<div  class='avia-button-wrap avia-button-center  avia-builder-el-17  el_after_av_textblock  avia-builder-el-last '>\n<style type=\"text\/css\" data-created_by=\"avia_inline_auto\" id=\"style-css-av-av_button_big-443446f5a8904883786f8628ef5029e1\">\n#top #wrap_all .avia-button.av-av_button_big-443446f5a8904883786f8628ef5029e1:hover{\ncolor:#ffffff;\ntransition:all 0.4s ease-in-out;\n}\n<\/style>\n<a href='https:\/\/old.icpraha.com\/en\/courses-for-nonslavic-speakers\/' class='avia-color-theme-color avia-font-color-theme-color avia-button avia-button-fullwidth av-av_button_big-443446f5a8904883786f8628ef5029e1 avia-icon_select-yes-left-icon avia-color-theme-color'  target=\"_blank\"  rel=\"noopener noreferrer\"  aria-label=\" More information and registration\"><span class='avia_button_icon avia_button_icon_left' aria-hidden='true' data-av_icon='\uf137' data-av_iconfont='flaticon'><\/span><span class='avia_iconbox_title' > More information and registration<\/span><span class='avia_button_background avia-button avia-button-fullwidth avia-color-theme-color'><\/span><\/a><\/div><\/p><\/div><div class='av-flex-placeholder'><\/div>\n<style type=\"text\/css\" data-created_by=\"avia_inline_auto\" id=\"style-css-av-av_one_half-d52ee1ac15f5cf0c908d20592657e21d\">\n#top .flex_column_table.av-equal-height-column-flextable.av-av_one_half-d52ee1ac15f5cf0c908d20592657e21d{\nmargin-top:0px;\nmargin-bottom:30px;\n}\n.flex_column.av-av_one_half-d52ee1ac15f5cf0c908d20592657e21d{\nborder-radius:10px 10px 10px 10px;\npadding:30px 30px 30px 30px;\nbackground-color:#ffffff;\n}\n<\/style>\n<div  class='flex_column av-av_one_half-d52ee1ac15f5cf0c908d20592657e21d av_one_half  avia-builder-el-18  el_after_av_one_half  avia-builder-el-last  shadow flex_column_table_cell av-equal-height-column av-align-top  column-top-margin'     ><section  class='av_textblock_section av-av_textblock-23482006190359359522c957f3a311aa '   itemscope=\"itemscope\" itemtype=\"https:\/\/schema.org\/BlogPosting\" itemprop=\"blogPost\" ><div class='avia_textblock'  itemprop=\"text\" ><h2>Standard online courses<\/h2>\n<ul>\n<li style=\"font-weight: 400;\">Level A2<\/li>\n<li style=\"font-weight: 400;\">100 teaching hours<\/li>\n<\/ul>\n<\/div><\/section><br \/>\n<div  class='avia-button-wrap avia-button-center  avia-builder-el-20  el_after_av_textblock  avia-builder-el-last '>\n<style type=\"text\/css\" data-created_by=\"avia_inline_auto\" id=\"style-css-av-av_button_big-9efab7d18405b0580a0a7c42dd1c748f\">\n#top #wrap_all .avia-button.av-av_button_big-9efab7d18405b0580a0a7c42dd1c748f:hover{\ncolor:#ffffff;\ntransition:all 0.4s ease-in-out;\n}\n<\/style>\n<a href='https:\/\/old.icpraha.com\/en\/standard-courses-for-slavic-speakers\/' class='avia-color-theme-color avia-font-color-theme-color avia-button avia-button-fullwidth av-av_button_big-9efab7d18405b0580a0a7c42dd1c748f avia-icon_select-yes-left-icon avia-color-theme-color'  target=\"_blank\"  rel=\"noopener noreferrer\"  aria-label=\" More information and registration\"><span class='avia_button_icon avia_button_icon_left' aria-hidden='true' data-av_icon='\uf137' data-av_iconfont='flaticon'><\/span><span class='avia_iconbox_title' > More information and registration<\/span><span class='avia_button_background avia-button avia-button-fullwidth avia-color-theme-color'><\/span><\/a><\/div><\/p><\/div><\/div><!--close column table wrapper. Autoclose: 1 -->\n","protected":false},"excerpt":{"rendered":"<p>Chcete se zlep\u0161it v \u010de\u0161tin\u011b? Zkuste \u0161t\u011bst\u00ed a p\u0159ihlaste se na podzimn\u00ed semestr kurz\u016f \u010desk\u00e9ho jazyka v ICP.<\/p>\n","protected":false},"author":6,"featured_media":19210,"comment_status":"closed","ping_status":"closed","sticky":false,"template":"","format":"standard","meta":{"footnotes":""},"categories":[104,58],"tags":[],"class_list":["post-19200","post","type-post","status-publish","format-standard","has-post-thumbnail","hentry","category-icp-services","category-news-category"],"yoast_head":"<!-- This site is optimized with the Yoast SEO plugin v25.3 - https:\/\/yoast.com\/wordpress\/plugins\/seo\/ -->\n<title>Czech language courses - autumn semester 2021 - Integra\u010dn\u00ed centrum Praha<\/title>\n<meta name=\"robots\" content=\"noindex, follow, max-snippet:-1, max-image-preview:large, max-video-preview:-1\" \/>\n<meta property=\"og:locale\" content=\"en_US\" \/>\n<meta property=\"og:type\" content=\"article\" \/>\n<meta property=\"og:title\" content=\"Czech language courses - autumn semester 2021 - Integra\u010dn\u00ed centrum Praha\" \/>\n<meta property=\"og:description\" content=\"Chcete se zlep\u0161it v \u010de\u0161tin\u011b? Zkuste \u0161t\u011bst\u00ed a p\u0159ihlaste se na podzimn\u00ed semestr kurz\u016f \u010desk\u00e9ho jazyka v ICP.\" \/>\n<meta property=\"og:url\" content=\"https:\/\/old.icpraha.com\/en\/czech-language-courses-autumn-semester-2021\/\" \/>\n<meta property=\"og:site_name\" content=\"Integra\u010dn\u00ed centrum Praha\" \/>\n<meta property=\"article:publisher\" content=\"https:\/\/www.facebook.com\/ICPraha\" \/>\n<meta property=\"article:published_time\" content=\"2021-07-08T20:13:41+00:00\" \/>\n<meta property=\"article:modified_time\" content=\"2021-07-08T20:36:23+00:00\" \/>\n<meta property=\"og:image\" content=\"https:\/\/old.icpraha.com\/wp-content\/uploads\/2021\/07\/kurzy-2021-EN-preview.png\" \/>\n\t<meta property=\"og:image:width\" content=\"1200\" \/>\n\t<meta property=\"og:image:height\" content=\"628\" \/>\n\t<meta property=\"og:image:type\" content=\"image\/png\" \/>\n<meta name=\"author\" content=\"M\u00ed\u0161a\" \/>\n<meta name=\"twitter:card\" content=\"summary_large_image\" \/>\n<meta name=\"twitter:creator\" content=\"@ICPraha\" \/>\n<meta name=\"twitter:site\" content=\"@ICPraha\" \/>\n<meta name=\"twitter:label1\" content=\"Written by\" \/>\n\t<meta name=\"twitter:data1\" content=\"M\u00ed\u0161a\" \/>\n\t<meta name=\"twitter:label2\" content=\"Est. reading time\" \/>\n\t<meta name=\"twitter:data2\" content=\"4 minutes\" \/>\n<script type=\"application\/ld+json\" class=\"yoast-schema-graph\">{\"@context\":\"https:\/\/schema.org\",\"@graph\":[{\"@type\":\"Article\",\"@id\":\"https:\/\/old.icpraha.com\/en\/czech-language-courses-autumn-semester-2021\/#article\",\"isPartOf\":{\"@id\":\"https:\/\/old.icpraha.com\/en\/czech-language-courses-autumn-semester-2021\/\"},\"author\":{\"name\":\"M\u00ed\u0161a\",\"@id\":\"https:\/\/icpraha.com\/uk\/#\/schema\/person\/3fc614dcde1435348144ed96d9c50a96\"},\"headline\":\"Czech language courses &#8211; autumn semester 2021\",\"datePublished\":\"2021-07-08T20:13:41+00:00\",\"dateModified\":\"2021-07-08T20:36:23+00:00\",\"mainEntityOfPage\":{\"@id\":\"https:\/\/old.icpraha.com\/en\/czech-language-courses-autumn-semester-2021\/\"},\"wordCount\":1347,\"publisher\":{\"@id\":\"https:\/\/icpraha.com\/uk\/#organization\"},\"image\":{\"@id\":\"https:\/\/old.icpraha.com\/en\/czech-language-courses-autumn-semester-2021\/#primaryimage\"},\"thumbnailUrl\":\"https:\/\/old.icpraha.com\/wp-content\/uploads\/2021\/07\/kurzy-2021-EN-preview.png\",\"articleSection\":[\"ICP services\",\"News\"],\"inLanguage\":\"en-US\"},{\"@type\":\"WebPage\",\"@id\":\"https:\/\/old.icpraha.com\/en\/czech-language-courses-autumn-semester-2021\/\",\"url\":\"https:\/\/old.icpraha.com\/en\/czech-language-courses-autumn-semester-2021\/\",\"name\":\"Czech language courses - autumn semester 2021 - Integra\u010dn\u00ed centrum Praha\",\"isPartOf\":{\"@id\":\"https:\/\/icpraha.com\/uk\/#website\"},\"primaryImageOfPage\":{\"@id\":\"https:\/\/old.icpraha.com\/en\/czech-language-courses-autumn-semester-2021\/#primaryimage\"},\"image\":{\"@id\":\"https:\/\/old.icpraha.com\/en\/czech-language-courses-autumn-semester-2021\/#primaryimage\"},\"thumbnailUrl\":\"https:\/\/old.icpraha.com\/wp-content\/uploads\/2021\/07\/kurzy-2021-EN-preview.png\",\"datePublished\":\"2021-07-08T20:13:41+00:00\",\"dateModified\":\"2021-07-08T20:36:23+00:00\",\"breadcrumb\":{\"@id\":\"https:\/\/old.icpraha.com\/en\/czech-language-courses-autumn-semester-2021\/#breadcrumb\"},\"inLanguage\":\"en-US\",\"potentialAction\":[{\"@type\":\"ReadAction\",\"target\":[\"https:\/\/old.icpraha.com\/en\/czech-language-courses-autumn-semester-2021\/\"]}]},{\"@type\":\"ImageObject\",\"inLanguage\":\"en-US\",\"@id\":\"https:\/\/old.icpraha.com\/en\/czech-language-courses-autumn-semester-2021\/#primaryimage\",\"url\":\"https:\/\/old.icpraha.com\/wp-content\/uploads\/2021\/07\/kurzy-2021-EN-preview.png\",\"contentUrl\":\"https:\/\/old.icpraha.com\/wp-content\/uploads\/2021\/07\/kurzy-2021-EN-preview.png\",\"width\":1200,\"height\":628},{\"@type\":\"BreadcrumbList\",\"@id\":\"https:\/\/old.icpraha.com\/en\/czech-language-courses-autumn-semester-2021\/#breadcrumb\",\"itemListElement\":[{\"@type\":\"ListItem\",\"position\":1,\"name\":\"Dom\u016f\",\"item\":\"https:\/\/icpraha.com\/en\/\"},{\"@type\":\"ListItem\",\"position\":2,\"name\":\"Czech language courses &#8211; autumn semester 2021\"}]},{\"@type\":\"WebSite\",\"@id\":\"https:\/\/icpraha.com\/uk\/#website\",\"url\":\"https:\/\/icpraha.com\/uk\/\",\"name\":\"Integra\u010dn\u00ed centrum Praha\",\"description\":\"Praha \u2013 Metropole v\u0161ech\",\"publisher\":{\"@id\":\"https:\/\/icpraha.com\/uk\/#organization\"},\"potentialAction\":[{\"@type\":\"SearchAction\",\"target\":{\"@type\":\"EntryPoint\",\"urlTemplate\":\"https:\/\/icpraha.com\/uk\/?s={search_term_string}\"},\"query-input\":{\"@type\":\"PropertyValueSpecification\",\"valueRequired\":true,\"valueName\":\"search_term_string\"}}],\"inLanguage\":\"en-US\"},{\"@type\":\"Organization\",\"@id\":\"https:\/\/icpraha.com\/uk\/#organization\",\"name\":\"Integra\u010dn\u00ed centrum Praha o.p.s.\",\"url\":\"https:\/\/icpraha.com\/uk\/\",\"logo\":{\"@type\":\"ImageObject\",\"inLanguage\":\"en-US\",\"@id\":\"https:\/\/icpraha.com\/uk\/#\/schema\/logo\/image\/\",\"url\":\"https:\/\/old.icpraha.com\/wp-content\/uploads\/2018\/08\/ICP-full-color-medium.png\",\"contentUrl\":\"https:\/\/old.icpraha.com\/wp-content\/uploads\/2018\/08\/ICP-full-color-medium.png\",\"width\":1000,\"height\":429,\"caption\":\"Integra\u010dn\u00ed centrum Praha o.p.s.\"},\"image\":{\"@id\":\"https:\/\/icpraha.com\/uk\/#\/schema\/logo\/image\/\"},\"sameAs\":[\"https:\/\/www.facebook.com\/ICPraha\",\"https:\/\/x.com\/ICPraha\",\"https:\/\/www.instagram.com\/icpraha\"]},{\"@type\":\"Person\",\"@id\":\"https:\/\/icpraha.com\/uk\/#\/schema\/person\/3fc614dcde1435348144ed96d9c50a96\",\"name\":\"M\u00ed\u0161a\"}]}<\/script>\n<!-- \/ Yoast SEO plugin. -->","yoast_head_json":{"title":"Czech language courses - autumn semester 2021 - Integra\u010dn\u00ed centrum Praha","robots":{"index":"noindex","follow":"follow","max-snippet":"max-snippet:-1","max-image-preview":"max-image-preview:large","max-video-preview":"max-video-preview:-1"},"og_locale":"en_US","og_type":"article","og_title":"Czech language courses - autumn semester 2021 - Integra\u010dn\u00ed centrum Praha","og_description":"Chcete se zlep\u0161it v \u010de\u0161tin\u011b? Zkuste \u0161t\u011bst\u00ed a p\u0159ihlaste se na podzimn\u00ed semestr kurz\u016f \u010desk\u00e9ho jazyka v ICP.","og_url":"https:\/\/old.icpraha.com\/en\/czech-language-courses-autumn-semester-2021\/","og_site_name":"Integra\u010dn\u00ed centrum Praha","article_publisher":"https:\/\/www.facebook.com\/ICPraha","article_published_time":"2021-07-08T20:13:41+00:00","article_modified_time":"2021-07-08T20:36:23+00:00","og_image":[{"width":1200,"height":628,"url":"https:\/\/old.icpraha.com\/wp-content\/uploads\/2021\/07\/kurzy-2021-EN-preview.png","type":"image\/png"}],"author":"M\u00ed\u0161a","twitter_card":"summary_large_image","twitter_creator":"@ICPraha","twitter_site":"@ICPraha","twitter_misc":{"Written by":"M\u00ed\u0161a","Est. reading time":"4 minutes"},"schema":{"@context":"https:\/\/schema.org","@graph":[{"@type":"Article","@id":"https:\/\/old.icpraha.com\/en\/czech-language-courses-autumn-semester-2021\/#article","isPartOf":{"@id":"https:\/\/old.icpraha.com\/en\/czech-language-courses-autumn-semester-2021\/"},"author":{"name":"M\u00ed\u0161a","@id":"https:\/\/icpraha.com\/uk\/#\/schema\/person\/3fc614dcde1435348144ed96d9c50a96"},"headline":"Czech language courses &#8211; autumn semester 2021","datePublished":"2021-07-08T20:13:41+00:00","dateModified":"2021-07-08T20:36:23+00:00","mainEntityOfPage":{"@id":"https:\/\/old.icpraha.com\/en\/czech-language-courses-autumn-semester-2021\/"},"wordCount":1347,"publisher":{"@id":"https:\/\/icpraha.com\/uk\/#organization"},"image":{"@id":"https:\/\/old.icpraha.com\/en\/czech-language-courses-autumn-semester-2021\/#primaryimage"},"thumbnailUrl":"https:\/\/old.icpraha.com\/wp-content\/uploads\/2021\/07\/kurzy-2021-EN-preview.png","articleSection":["ICP services","News"],"inLanguage":"en-US"},{"@type":"WebPage","@id":"https:\/\/old.icpraha.com\/en\/czech-language-courses-autumn-semester-2021\/","url":"https:\/\/old.icpraha.com\/en\/czech-language-courses-autumn-semester-2021\/","name":"Czech language courses - autumn semester 2021 - Integra\u010dn\u00ed centrum Praha","isPartOf":{"@id":"https:\/\/icpraha.com\/uk\/#website"},"primaryImageOfPage":{"@id":"https:\/\/old.icpraha.com\/en\/czech-language-courses-autumn-semester-2021\/#primaryimage"},"image":{"@id":"https:\/\/old.icpraha.com\/en\/czech-language-courses-autumn-semester-2021\/#primaryimage"},"thumbnailUrl":"https:\/\/old.icpraha.com\/wp-content\/uploads\/2021\/07\/kurzy-2021-EN-preview.png","datePublished":"2021-07-08T20:13:41+00:00","dateModified":"2021-07-08T20:36:23+00:00","breadcrumb":{"@id":"https:\/\/old.icpraha.com\/en\/czech-language-courses-autumn-semester-2021\/#breadcrumb"},"inLanguage":"en-US","potentialAction":[{"@type":"ReadAction","target":["https:\/\/old.icpraha.com\/en\/czech-language-courses-autumn-semester-2021\/"]}]},{"@type":"ImageObject","inLanguage":"en-US","@id":"https:\/\/old.icpraha.com\/en\/czech-language-courses-autumn-semester-2021\/#primaryimage","url":"https:\/\/old.icpraha.com\/wp-content\/uploads\/2021\/07\/kurzy-2021-EN-preview.png","contentUrl":"https:\/\/old.icpraha.com\/wp-content\/uploads\/2021\/07\/kurzy-2021-EN-preview.png","width":1200,"height":628},{"@type":"BreadcrumbList","@id":"https:\/\/old.icpraha.com\/en\/czech-language-courses-autumn-semester-2021\/#breadcrumb","itemListElement":[{"@type":"ListItem","position":1,"name":"Dom\u016f","item":"https:\/\/icpraha.com\/en\/"},{"@type":"ListItem","position":2,"name":"Czech language courses &#8211; autumn semester 2021"}]},{"@type":"WebSite","@id":"https:\/\/icpraha.com\/uk\/#website","url":"https:\/\/icpraha.com\/uk\/","name":"Integra\u010dn\u00ed centrum Praha","description":"Praha \u2013 Metropole v\u0161ech","publisher":{"@id":"https:\/\/icpraha.com\/uk\/#organization"},"potentialAction":[{"@type":"SearchAction","target":{"@type":"EntryPoint","urlTemplate":"https:\/\/icpraha.com\/uk\/?s={search_term_string}"},"query-input":{"@type":"PropertyValueSpecification","valueRequired":true,"valueName":"search_term_string"}}],"inLanguage":"en-US"},{"@type":"Organization","@id":"https:\/\/icpraha.com\/uk\/#organization","name":"Integra\u010dn\u00ed centrum Praha o.p.s.","url":"https:\/\/icpraha.com\/uk\/","logo":{"@type":"ImageObject","inLanguage":"en-US","@id":"https:\/\/icpraha.com\/uk\/#\/schema\/logo\/image\/","url":"https:\/\/old.icpraha.com\/wp-content\/uploads\/2018\/08\/ICP-full-color-medium.png","contentUrl":"https:\/\/old.icpraha.com\/wp-content\/uploads\/2018\/08\/ICP-full-color-medium.png","width":1000,"height":429,"caption":"Integra\u010dn\u00ed centrum Praha o.p.s."},"image":{"@id":"https:\/\/icpraha.com\/uk\/#\/schema\/logo\/image\/"},"sameAs":["https:\/\/www.facebook.com\/ICPraha","https:\/\/x.com\/ICPraha","https:\/\/www.instagram.com\/icpraha"]},{"@type":"Person","@id":"https:\/\/icpraha.com\/uk\/#\/schema\/person\/3fc614dcde1435348144ed96d9c50a96","name":"M\u00ed\u0161a"}]}},"_links":{"self":[{"href":"https:\/\/old.icpraha.com\/en\/wp-json\/wp\/v2\/posts\/19200","targetHints":{"allow":["GET"]}}],"collection":[{"href":"https:\/\/old.icpraha.com\/en\/wp-json\/wp\/v2\/posts"}],"about":[{"href":"https:\/\/old.icpraha.com\/en\/wp-json\/wp\/v2\/types\/post"}],"author":[{"embeddable":true,"href":"https:\/\/old.icpraha.com\/en\/wp-json\/wp\/v2\/users\/6"}],"replies":[{"embeddable":true,"href":"https:\/\/old.icpraha.com\/en\/wp-json\/wp\/v2\/comments?post=19200"}],"version-history":[{"count":0,"href":"https:\/\/old.icpraha.com\/en\/wp-json\/wp\/v2\/posts\/19200\/revisions"}],"wp:featuredmedia":[{"embeddable":true,"href":"https:\/\/old.icpraha.com\/en\/wp-json\/wp\/v2\/media\/19210"}],"wp:attachment":[{"href":"https:\/\/old.icpraha.com\/en\/wp-json\/wp\/v2\/media?parent=19200"}],"wp:term":[{"taxonomy":"category","embeddable":true,"href":"https:\/\/old.icpraha.com\/en\/wp-json\/wp\/v2\/categories?post=19200"},{"taxonomy":"post_tag","embeddable":true,"href":"https:\/\/old.icpraha.com\/en\/wp-json\/wp\/v2\/tags?post=19200"}],"curies":[{"name":"wp","href":"https:\/\/api.w.org\/{rel}","templated":true}]}}