{"id":20912,"date":"2021-10-29T11:31:13","date_gmt":"2021-10-29T10:31:13","guid":{"rendered":"https:\/\/icpraha.com\/20892\/"},"modified":"2021-10-29T12:15:54","modified_gmt":"2021-10-29T11:15:54","slug":"adaptation-and-integration-courses-in-november","status":"publish","type":"post","link":"https:\/\/old.icpraha.com\/en\/adaptation-and-integration-courses-in-november\/","title":{"rendered":"Adaptation and Integration Course schedule for November"},"content":{"rendered":"<div id='av_section_1'  class='avia-section av-1z2oxi4-20e7c110eb4a127730c31e92ce2a65e2 main_color avia-section-default avia-no-border-styling  avia-builder-el-0  avia-builder-el-no-sibling  avia-bg-style-scroll container_wrap fullsize'  ><div class='container av-section-cont-open' ><main  role=\"main\" itemprop=\"mainContentOfPage\"  class='template-page content  av-content-full alpha units'><div class='post-entry post-entry-type-page post-entry-20912'><div class='entry-content-wrapper clearfix'>\n<div class='flex_column_table av-kvc7tn5x-5a81ea5c004ae30cebc0db257efae7a9 sc-av_one_full av-equal-height-column-flextable'>\n<style type=\"text\/css\" data-created_by=\"avia_inline_auto\" id=\"style-css-av-kvc7tn5x-5a81ea5c004ae30cebc0db257efae7a9\">\n#top .flex_column_table.av-equal-height-column-flextable.av-kvc7tn5x-5a81ea5c004ae30cebc0db257efae7a9{\nmargin-top:0px;\nmargin-bottom:30px;\n}\n.flex_column.av-kvc7tn5x-5a81ea5c004ae30cebc0db257efae7a9{\nborder-radius:10px 10px 10px 10px;\npadding:150px 30px 150px 30px;\nbackground:url(https:\/\/old.icpraha.com\/wp-content\/uploads\/2021\/10\/DSC_5100_Jan-Mihalicek-1030x687.jpg) 50% 50% repeat-x scroll rgba(0,0,0,0.6);\n}\n<\/style>\n<div  class='flex_column av-kvc7tn5x-5a81ea5c004ae30cebc0db257efae7a9 av_one_full  avia-builder-el-1  el_before_av_one_full  avia-builder-el-first  shadow blend first flex_column_table_cell av-equal-height-column av-align-middle  '     ><style type=\"text\/css\" data-created_by=\"avia_inline_auto\" id=\"style-css-av-kvc7stvt-ecfff8f5a9f311f7caa486168ab23bb1\">\n#top .av_textblock_section.av-kvc7stvt-ecfff8f5a9f311f7caa486168ab23bb1 .avia_textblock{\nfont-size:18px;\ncolor:#ffffff;\n}\n<\/style>\n<section  class='av_textblock_section av-kvc7stvt-ecfff8f5a9f311f7caa486168ab23bb1 '   itemscope=\"itemscope\" itemtype=\"https:\/\/schema.org\/BlogPosting\" itemprop=\"blogPost\" ><div class='avia_textblock av_inherit_color'  itemprop=\"text\" ><h1 style=\"text-align: center;\"><b>Adaptation And Integration Course schedule for November 2021 <\/b><\/h1>\n<h2 style=\"text-align: center;\"><b>Don&#8217;t leave courses at the last minute!\u00a0\u00a0<\/b><\/h2>\n<\/div><\/section><\/div><\/div><!--close column table wrapper. Autoclose: 1 --><div class='flex_column_table av-1hfwkbg-1868194252561bfbe449b9a795b5a35b sc-av_one_full av-equal-height-column-flextable'>\n<style type=\"text\/css\" data-created_by=\"avia_inline_auto\" id=\"style-css-av-1hfwkbg-1868194252561bfbe449b9a795b5a35b\">\n#top .flex_column_table.av-equal-height-column-flextable.av-1hfwkbg-1868194252561bfbe449b9a795b5a35b{\nmargin-top:0px;\nmargin-bottom:30px;\n}\n.flex_column.av-1hfwkbg-1868194252561bfbe449b9a795b5a35b{\nborder-radius:10px 10px 10px 10px;\npadding:30px 30px 30px 30px;\nbackground-color:#ffffff;\n}\n<\/style>\n<div  class='flex_column av-1hfwkbg-1868194252561bfbe449b9a795b5a35b av_one_full  avia-builder-el-3  el_after_av_one_full  avia-builder-el-last  shadow first flex_column_table_cell av-equal-height-column av-align-top  column-top-margin'     ><section  class='av_textblock_section av-kvc8b7ur-5c6e66982cd553b5a6042cb7bf06b824 '   itemscope=\"itemscope\" itemtype=\"https:\/\/schema.org\/BlogPosting\" itemprop=\"blogPost\" ><div class='avia_textblock'  itemprop=\"text\" ><p style=\"text-align: center;\">Have you received a long-term or permanent residence permit this year? Then it is likely that you are required to take an Adaptation And Integration Course! Not sure if you have this obligation? Take a look at the website of the Ministry of the Interior and make sure: <a href=\"https:\/\/www.mvcr.cz\/clanek\/adaptacne-integracni-kurzy.aspx\">https:\/\/www.mvcr.cz\/clanek\/adaptacne-integracni-kurzy.aspx<\/a>. Or you can contact us and we will be happy to advise you or maybe help with registration :)<\/p>\n<p style=\"text-align: center;\"><strong>Web:<\/strong>\u00a0<a href=\"http:\/\/aik.icpraha.com\/\">aik.icpraha.com<\/a><\/p>\n<p style=\"text-align: center;\"><strong>Tel.:<\/strong>+420 253 253 984<\/p>\n<p style=\"text-align: center;\"><strong>E-mail:<\/strong>\u00a0aik@icpraha.com<\/p>\n<p style=\"text-align: center;\"><strong>Opening days:<\/strong> Tuesday and Thursday 9:00-12:00, 13:00-16:00 (\u017ditn\u00e1 51, Praha 1, 6th floor)<\/p>\n<p style=\"text-align: center;\">For November, we have prepared courses in English, Russian, Ukrainian and Vietnamese. Don&#8217;t postpone completing the course until later and register now. You only have 1 year to take the course from the moment you collected your biometric card. If you do not complete the course within this period, you risk a fine!<\/p>\n<p style=\"text-align: center;\">&#8212;&#8211;<\/p>\n<p style=\"text-align: center;\"><em>Photo credit: Jan Mihal\u00ed\u010dek<\/em><\/p>\n<\/div><\/section><br \/>\n\n<style type=\"text\/css\" data-created_by=\"avia_inline_auto\" id=\"style-css-av-kvc8c52s-95510967a49dd5a8b4a0dbd9178c73ae\">\n.avia-image-container.av-kvc8c52s-95510967a49dd5a8b4a0dbd9178c73ae img.avia_image{\nbox-shadow:none;\n}\n.avia-image-container.av-kvc8c52s-95510967a49dd5a8b4a0dbd9178c73ae .av-image-caption-overlay-center{\ncolor:#ffffff;\n}\n<\/style>\n<div  class='avia-image-container av-kvc8c52s-95510967a49dd5a8b4a0dbd9178c73ae av-styling- avia-align-center  avia-builder-el-5  el_after_av_textblock  el_before_av_button '   itemprop=\"image\" itemscope=\"itemscope\" itemtype=\"https:\/\/schema.org\/ImageObject\" ><div class=\"avia-image-container-inner\"><div class=\"avia-image-overlay-wrap\"><img decoding=\"async\" fetchpriority=\"high\" class='wp-image-20904 avia-img-lazy-loading-not-20904 avia_image ' src=\"https:\/\/old.icpraha.com\/wp-content\/uploads\/2021\/10\/Mesicni-plakat-LISTOPAD-A4.jpg\" alt='' title='M\u011bs\u00ed\u010dn\u00ed-plak\u00e1t-LISTOPAD-A4'  height=\"842\" width=\"595\"  itemprop=\"thumbnailUrl\" srcset=\"https:\/\/old.icpraha.com\/wp-content\/uploads\/2021\/10\/Mesicni-plakat-LISTOPAD-A4.jpg 595w, https:\/\/old.icpraha.com\/wp-content\/uploads\/2021\/10\/Mesicni-plakat-LISTOPAD-A4-212x300.jpg 212w, https:\/\/old.icpraha.com\/wp-content\/uploads\/2021\/10\/Mesicni-plakat-LISTOPAD-A4-498x705.jpg 498w\" sizes=\"(max-width: 595px) 100vw, 595px\" \/><\/div><\/div><\/div><br \/>\n<div  class='avia-button-wrap av-kvc8epnx-6c8f0ecb78f73a81b12d48b5430aa381-wrap avia-button-center  avia-builder-el-6  el_after_av_image  el_before_av_button '><a href='https:\/\/frs.gov.cz\/' class='avia-button av-kvc8epnx-6c8f0ecb78f73a81b12d48b5430aa381 av-link-btn avia-icon_select-no avia-size-large avia-position-center avia-color-theme-color' target=\"_blank\" rel=\"noopener noreferrer\" aria-label=\"I want to register\"><span class='avia_iconbox_title' >I want to register<\/span><\/a><\/div><br \/>\n<div  class='avia-button-wrap av-kvc8ewgt-7d038d6e142b129eabf17cc3884753e6-wrap avia-button-center  avia-builder-el-7  el_after_av_button  el_before_av_hr '><a href='https:\/\/aik.icpraha.com\/' class='avia-button av-kvc8ewgt-7d038d6e142b129eabf17cc3884753e6 av-link-btn avia-icon_select-no avia-size-large avia-position-center avia-color-theme-color' target=\"_blank\" rel=\"noopener noreferrer\" aria-label=\"I want to know more about the courses\"><span class='avia_iconbox_title' >I want to know more about the courses<\/span><\/a><\/div><br \/>\n<div  class='hr av-16tsk9o-5678620477b592f8d45e5a43414202be hr-default  avia-builder-el-8  el_after_av_button  el_before_av_textblock '><span class='hr-inner '><span class=\"hr-inner-style\"><\/span><\/span><\/div><br \/>\n<section  class='av_textblock_section av-wl98t8-e9d13ac16b98117b4134608e263f5cbc '   itemscope=\"itemscope\" itemtype=\"https:\/\/schema.org\/BlogPosting\" itemprop=\"blogPost\" ><div class='avia_textblock'  itemprop=\"text\" ><p style=\"text-align: center;\"><span style=\"font-weight: 400;\">We are looking forward to seeing you soon!<br \/>\n<\/span><span style=\"font-weight: 400;\">Your ICP team<\/span><\/p>\n<\/div><\/section><\/p><\/div><\/div><!--close column table wrapper. Autoclose: 1 -->\n","protected":false},"excerpt":{"rendered":"<p>Don&#8217;t postpone completing the Adaptation And Integration Course until later and register now! You only have 1 year to take the course from the moment you collected your biometric card.<\/p>\n","protected":false},"author":8,"featured_media":20914,"comment_status":"closed","ping_status":"closed","sticky":false,"template":"","format":"standard","meta":{"footnotes":""},"categories":[102,104,58],"tags":[],"class_list":["post-20912","post","type-post","status-publish","format-standard","has-post-thumbnail","hentry","category-icp-projects","category-icp-services","category-news-category"],"yoast_head":"<!-- This site is optimized with the Yoast SEO plugin v25.3 - https:\/\/yoast.com\/wordpress\/plugins\/seo\/ -->\n<title>Adaptation and Integration Course schedule for November - Integra\u010dn\u00ed centrum Praha<\/title>\n<meta name=\"robots\" content=\"noindex, follow, max-snippet:-1, max-image-preview:large, max-video-preview:-1\" \/>\n<meta property=\"og:locale\" content=\"en_US\" \/>\n<meta property=\"og:type\" content=\"article\" \/>\n<meta property=\"og:title\" content=\"Adaptation and Integration Course schedule for November - Integra\u010dn\u00ed centrum Praha\" \/>\n<meta property=\"og:description\" content=\"Don&#039;t postpone completing the Adaptation And Integration Course until later and register now! You only have 1 year to take the course from the moment you collected your biometric card.\" \/>\n<meta property=\"og:url\" content=\"https:\/\/old.icpraha.com\/en\/adaptation-and-integration-courses-in-november\/\" \/>\n<meta property=\"og:site_name\" content=\"Integra\u010dn\u00ed centrum Praha\" \/>\n<meta property=\"article:publisher\" content=\"https:\/\/www.facebook.com\/ICPraha\" \/>\n<meta property=\"article:published_time\" content=\"2021-10-29T10:31:13+00:00\" \/>\n<meta property=\"article:modified_time\" content=\"2021-10-29T11:15:54+00:00\" \/>\n<meta property=\"og:image\" content=\"https:\/\/old.icpraha.com\/wp-content\/uploads\/2021\/10\/website-preview-1.png\" \/>\n\t<meta property=\"og:image:width\" content=\"1200\" \/>\n\t<meta property=\"og:image:height\" content=\"628\" \/>\n\t<meta property=\"og:image:type\" content=\"image\/png\" \/>\n<meta name=\"author\" content=\"Dagmar Diroian\" \/>\n<meta name=\"twitter:card\" content=\"summary_large_image\" \/>\n<meta name=\"twitter:creator\" content=\"@ICPraha\" \/>\n<meta name=\"twitter:site\" content=\"@ICPraha\" \/>\n<meta name=\"twitter:label1\" content=\"Written by\" \/>\n\t<meta name=\"twitter:data1\" content=\"Dagmar Diroian\" \/>\n\t<meta name=\"twitter:label2\" content=\"Est. reading time\" \/>\n\t<meta name=\"twitter:data2\" content=\"3 minutes\" \/>\n<script type=\"application\/ld+json\" class=\"yoast-schema-graph\">{\"@context\":\"https:\/\/schema.org\",\"@graph\":[{\"@type\":\"Article\",\"@id\":\"https:\/\/old.icpraha.com\/en\/adaptation-and-integration-courses-in-november\/#article\",\"isPartOf\":{\"@id\":\"https:\/\/old.icpraha.com\/en\/adaptation-and-integration-courses-in-november\/\"},\"author\":{\"name\":\"Dagmar Diroian\",\"@id\":\"https:\/\/icpraha.com\/uk\/#\/schema\/person\/cc27e4e0f3feaf42a7982985ae0e9a20\"},\"headline\":\"Adaptation and Integration Course schedule for November\",\"datePublished\":\"2021-10-29T10:31:13+00:00\",\"dateModified\":\"2021-10-29T11:15:54+00:00\",\"mainEntityOfPage\":{\"@id\":\"https:\/\/old.icpraha.com\/en\/adaptation-and-integration-courses-in-november\/\"},\"wordCount\":1030,\"publisher\":{\"@id\":\"https:\/\/icpraha.com\/uk\/#organization\"},\"image\":{\"@id\":\"https:\/\/old.icpraha.com\/en\/adaptation-and-integration-courses-in-november\/#primaryimage\"},\"thumbnailUrl\":\"https:\/\/old.icpraha.com\/wp-content\/uploads\/2021\/10\/website-preview-1.png\",\"articleSection\":[\"ICP projects\",\"ICP services\",\"News\"],\"inLanguage\":\"en-US\"},{\"@type\":\"WebPage\",\"@id\":\"https:\/\/old.icpraha.com\/en\/adaptation-and-integration-courses-in-november\/\",\"url\":\"https:\/\/old.icpraha.com\/en\/adaptation-and-integration-courses-in-november\/\",\"name\":\"Adaptation and Integration Course schedule for November - Integra\u010dn\u00ed centrum Praha\",\"isPartOf\":{\"@id\":\"https:\/\/icpraha.com\/uk\/#website\"},\"primaryImageOfPage\":{\"@id\":\"https:\/\/old.icpraha.com\/en\/adaptation-and-integration-courses-in-november\/#primaryimage\"},\"image\":{\"@id\":\"https:\/\/old.icpraha.com\/en\/adaptation-and-integration-courses-in-november\/#primaryimage\"},\"thumbnailUrl\":\"https:\/\/old.icpraha.com\/wp-content\/uploads\/2021\/10\/website-preview-1.png\",\"datePublished\":\"2021-10-29T10:31:13+00:00\",\"dateModified\":\"2021-10-29T11:15:54+00:00\",\"breadcrumb\":{\"@id\":\"https:\/\/old.icpraha.com\/en\/adaptation-and-integration-courses-in-november\/#breadcrumb\"},\"inLanguage\":\"en-US\",\"potentialAction\":[{\"@type\":\"ReadAction\",\"target\":[\"https:\/\/old.icpraha.com\/en\/adaptation-and-integration-courses-in-november\/\"]}]},{\"@type\":\"ImageObject\",\"inLanguage\":\"en-US\",\"@id\":\"https:\/\/old.icpraha.com\/en\/adaptation-and-integration-courses-in-november\/#primaryimage\",\"url\":\"https:\/\/old.icpraha.com\/wp-content\/uploads\/2021\/10\/website-preview-1.png\",\"contentUrl\":\"https:\/\/old.icpraha.com\/wp-content\/uploads\/2021\/10\/website-preview-1.png\",\"width\":1200,\"height\":628},{\"@type\":\"BreadcrumbList\",\"@id\":\"https:\/\/old.icpraha.com\/en\/adaptation-and-integration-courses-in-november\/#breadcrumb\",\"itemListElement\":[{\"@type\":\"ListItem\",\"position\":1,\"name\":\"Dom\u016f\",\"item\":\"https:\/\/icpraha.com\/en\/\"},{\"@type\":\"ListItem\",\"position\":2,\"name\":\"Adaptation and Integration Course schedule for November\"}]},{\"@type\":\"WebSite\",\"@id\":\"https:\/\/icpraha.com\/uk\/#website\",\"url\":\"https:\/\/icpraha.com\/uk\/\",\"name\":\"Integra\u010dn\u00ed centrum Praha\",\"description\":\"Praha \u2013 Metropole v\u0161ech\",\"publisher\":{\"@id\":\"https:\/\/icpraha.com\/uk\/#organization\"},\"potentialAction\":[{\"@type\":\"SearchAction\",\"target\":{\"@type\":\"EntryPoint\",\"urlTemplate\":\"https:\/\/icpraha.com\/uk\/?s={search_term_string}\"},\"query-input\":{\"@type\":\"PropertyValueSpecification\",\"valueRequired\":true,\"valueName\":\"search_term_string\"}}],\"inLanguage\":\"en-US\"},{\"@type\":\"Organization\",\"@id\":\"https:\/\/icpraha.com\/uk\/#organization\",\"name\":\"Integra\u010dn\u00ed centrum Praha o.p.s.\",\"url\":\"https:\/\/icpraha.com\/uk\/\",\"logo\":{\"@type\":\"ImageObject\",\"inLanguage\":\"en-US\",\"@id\":\"https:\/\/icpraha.com\/uk\/#\/schema\/logo\/image\/\",\"url\":\"https:\/\/old.icpraha.com\/wp-content\/uploads\/2018\/08\/ICP-full-color-medium.png\",\"contentUrl\":\"https:\/\/old.icpraha.com\/wp-content\/uploads\/2018\/08\/ICP-full-color-medium.png\",\"width\":1000,\"height\":429,\"caption\":\"Integra\u010dn\u00ed centrum Praha o.p.s.\"},\"image\":{\"@id\":\"https:\/\/icpraha.com\/uk\/#\/schema\/logo\/image\/\"},\"sameAs\":[\"https:\/\/www.facebook.com\/ICPraha\",\"https:\/\/x.com\/ICPraha\",\"https:\/\/www.instagram.com\/icpraha\"]},{\"@type\":\"Person\",\"@id\":\"https:\/\/icpraha.com\/uk\/#\/schema\/person\/cc27e4e0f3feaf42a7982985ae0e9a20\",\"name\":\"Dagmar Diroian\"}]}<\/script>\n<!-- \/ Yoast SEO plugin. -->","yoast_head_json":{"title":"Adaptation and Integration Course schedule for November - Integra\u010dn\u00ed centrum Praha","robots":{"index":"noindex","follow":"follow","max-snippet":"max-snippet:-1","max-image-preview":"max-image-preview:large","max-video-preview":"max-video-preview:-1"},"og_locale":"en_US","og_type":"article","og_title":"Adaptation and Integration Course schedule for November - Integra\u010dn\u00ed centrum Praha","og_description":"Don't postpone completing the Adaptation And Integration Course until later and register now! You only have 1 year to take the course from the moment you collected your biometric card.","og_url":"https:\/\/old.icpraha.com\/en\/adaptation-and-integration-courses-in-november\/","og_site_name":"Integra\u010dn\u00ed centrum Praha","article_publisher":"https:\/\/www.facebook.com\/ICPraha","article_published_time":"2021-10-29T10:31:13+00:00","article_modified_time":"2021-10-29T11:15:54+00:00","og_image":[{"width":1200,"height":628,"url":"https:\/\/old.icpraha.com\/wp-content\/uploads\/2021\/10\/website-preview-1.png","type":"image\/png"}],"author":"Dagmar Diroian","twitter_card":"summary_large_image","twitter_creator":"@ICPraha","twitter_site":"@ICPraha","twitter_misc":{"Written by":"Dagmar Diroian","Est. reading time":"3 minutes"},"schema":{"@context":"https:\/\/schema.org","@graph":[{"@type":"Article","@id":"https:\/\/old.icpraha.com\/en\/adaptation-and-integration-courses-in-november\/#article","isPartOf":{"@id":"https:\/\/old.icpraha.com\/en\/adaptation-and-integration-courses-in-november\/"},"author":{"name":"Dagmar Diroian","@id":"https:\/\/icpraha.com\/uk\/#\/schema\/person\/cc27e4e0f3feaf42a7982985ae0e9a20"},"headline":"Adaptation and Integration Course schedule for November","datePublished":"2021-10-29T10:31:13+00:00","dateModified":"2021-10-29T11:15:54+00:00","mainEntityOfPage":{"@id":"https:\/\/old.icpraha.com\/en\/adaptation-and-integration-courses-in-november\/"},"wordCount":1030,"publisher":{"@id":"https:\/\/icpraha.com\/uk\/#organization"},"image":{"@id":"https:\/\/old.icpraha.com\/en\/adaptation-and-integration-courses-in-november\/#primaryimage"},"thumbnailUrl":"https:\/\/old.icpraha.com\/wp-content\/uploads\/2021\/10\/website-preview-1.png","articleSection":["ICP projects","ICP services","News"],"inLanguage":"en-US"},{"@type":"WebPage","@id":"https:\/\/old.icpraha.com\/en\/adaptation-and-integration-courses-in-november\/","url":"https:\/\/old.icpraha.com\/en\/adaptation-and-integration-courses-in-november\/","name":"Adaptation and Integration Course schedule for November - Integra\u010dn\u00ed centrum Praha","isPartOf":{"@id":"https:\/\/icpraha.com\/uk\/#website"},"primaryImageOfPage":{"@id":"https:\/\/old.icpraha.com\/en\/adaptation-and-integration-courses-in-november\/#primaryimage"},"image":{"@id":"https:\/\/old.icpraha.com\/en\/adaptation-and-integration-courses-in-november\/#primaryimage"},"thumbnailUrl":"https:\/\/old.icpraha.com\/wp-content\/uploads\/2021\/10\/website-preview-1.png","datePublished":"2021-10-29T10:31:13+00:00","dateModified":"2021-10-29T11:15:54+00:00","breadcrumb":{"@id":"https:\/\/old.icpraha.com\/en\/adaptation-and-integration-courses-in-november\/#breadcrumb"},"inLanguage":"en-US","potentialAction":[{"@type":"ReadAction","target":["https:\/\/old.icpraha.com\/en\/adaptation-and-integration-courses-in-november\/"]}]},{"@type":"ImageObject","inLanguage":"en-US","@id":"https:\/\/old.icpraha.com\/en\/adaptation-and-integration-courses-in-november\/#primaryimage","url":"https:\/\/old.icpraha.com\/wp-content\/uploads\/2021\/10\/website-preview-1.png","contentUrl":"https:\/\/old.icpraha.com\/wp-content\/uploads\/2021\/10\/website-preview-1.png","width":1200,"height":628},{"@type":"BreadcrumbList","@id":"https:\/\/old.icpraha.com\/en\/adaptation-and-integration-courses-in-november\/#breadcrumb","itemListElement":[{"@type":"ListItem","position":1,"name":"Dom\u016f","item":"https:\/\/icpraha.com\/en\/"},{"@type":"ListItem","position":2,"name":"Adaptation and Integration Course schedule for November"}]},{"@type":"WebSite","@id":"https:\/\/icpraha.com\/uk\/#website","url":"https:\/\/icpraha.com\/uk\/","name":"Integra\u010dn\u00ed centrum Praha","description":"Praha \u2013 Metropole v\u0161ech","publisher":{"@id":"https:\/\/icpraha.com\/uk\/#organization"},"potentialAction":[{"@type":"SearchAction","target":{"@type":"EntryPoint","urlTemplate":"https:\/\/icpraha.com\/uk\/?s={search_term_string}"},"query-input":{"@type":"PropertyValueSpecification","valueRequired":true,"valueName":"search_term_string"}}],"inLanguage":"en-US"},{"@type":"Organization","@id":"https:\/\/icpraha.com\/uk\/#organization","name":"Integra\u010dn\u00ed centrum Praha o.p.s.","url":"https:\/\/icpraha.com\/uk\/","logo":{"@type":"ImageObject","inLanguage":"en-US","@id":"https:\/\/icpraha.com\/uk\/#\/schema\/logo\/image\/","url":"https:\/\/old.icpraha.com\/wp-content\/uploads\/2018\/08\/ICP-full-color-medium.png","contentUrl":"https:\/\/old.icpraha.com\/wp-content\/uploads\/2018\/08\/ICP-full-color-medium.png","width":1000,"height":429,"caption":"Integra\u010dn\u00ed centrum Praha o.p.s."},"image":{"@id":"https:\/\/icpraha.com\/uk\/#\/schema\/logo\/image\/"},"sameAs":["https:\/\/www.facebook.com\/ICPraha","https:\/\/x.com\/ICPraha","https:\/\/www.instagram.com\/icpraha"]},{"@type":"Person","@id":"https:\/\/icpraha.com\/uk\/#\/schema\/person\/cc27e4e0f3feaf42a7982985ae0e9a20","name":"Dagmar Diroian"}]}},"_links":{"self":[{"href":"https:\/\/old.icpraha.com\/en\/wp-json\/wp\/v2\/posts\/20912","targetHints":{"allow":["GET"]}}],"collection":[{"href":"https:\/\/old.icpraha.com\/en\/wp-json\/wp\/v2\/posts"}],"about":[{"href":"https:\/\/old.icpraha.com\/en\/wp-json\/wp\/v2\/types\/post"}],"author":[{"embeddable":true,"href":"https:\/\/old.icpraha.com\/en\/wp-json\/wp\/v2\/users\/8"}],"replies":[{"embeddable":true,"href":"https:\/\/old.icpraha.com\/en\/wp-json\/wp\/v2\/comments?post=20912"}],"version-history":[{"count":0,"href":"https:\/\/old.icpraha.com\/en\/wp-json\/wp\/v2\/posts\/20912\/revisions"}],"wp:featuredmedia":[{"embeddable":true,"href":"https:\/\/old.icpraha.com\/en\/wp-json\/wp\/v2\/media\/20914"}],"wp:attachment":[{"href":"https:\/\/old.icpraha.com\/en\/wp-json\/wp\/v2\/media?parent=20912"}],"wp:term":[{"taxonomy":"category","embeddable":true,"href":"https:\/\/old.icpraha.com\/en\/wp-json\/wp\/v2\/categories?post=20912"},{"taxonomy":"post_tag","embeddable":true,"href":"https:\/\/old.icpraha.com\/en\/wp-json\/wp\/v2\/tags?post=20912"}],"curies":[{"name":"wp","href":"https:\/\/api.w.org\/{rel}","templated":true}]}}