{"id":48842,"date":"2025-04-11T17:06:05","date_gmt":"2025-04-11T16:06:05","guid":{"rendered":"https:\/\/icpraha.com\/novy-projekt-erasmus-nauci-lektory-vyuzivat-arteterapii-ve-vyuce-uprchliku\/"},"modified":"2025-06-26T16:43:41","modified_gmt":"2025-06-26T15:43:41","slug":"a-new-erasmus-project-will-teach-language-instructors-to-use-art-therapy-in-refugee-education","status":"publish","type":"post","link":"https:\/\/old.icpraha.com\/en\/a-new-erasmus-project-will-teach-language-instructors-to-use-art-therapy-in-refugee-education\/","title":{"rendered":"A New Erasmus+ Project Will Teach Language Instructors to Use Art Therapy in Refugee Education"},"content":{"rendered":"<div id='interkulturni-pracovnik'  class='avia-section av-4rrcei4-cabab81296e88a7d2639572aad45823f main_color avia-section-default avia-no-border-styling  avia-builder-el-0  el_before_av_section  avia-builder-el-first  avia-bg-style-scroll container_wrap fullsize'  ><div class='container av-section-cont-open' ><main  role=\"main\" itemprop=\"mainContentOfPage\"  class='template-page content  av-content-full alpha units'><div class='post-entry post-entry-type-page post-entry-48842'><div class='entry-content-wrapper clearfix'>\n<div class='flex_column_table av-4blhgzw-99ed76200505a32b555b2b0b2c09d905 sc-av_one_full av-equal-height-column-flextable'>\n<style type=\"text\/css\" data-created_by=\"avia_inline_auto\" id=\"style-css-av-4blhgzw-99ed76200505a32b555b2b0b2c09d905\">\n#top .flex_column_table.av-equal-height-column-flextable.av-4blhgzw-99ed76200505a32b555b2b0b2c09d905{\nmargin-top:0px;\nmargin-bottom:30px;\n}\n.flex_column.av-4blhgzw-99ed76200505a32b555b2b0b2c09d905{\nborder-radius:10px 10px 10px 10px;\npadding:150px 30px 150px 30px;\nbackground:url(https:\/\/old.icpraha.com\/wp-content\/uploads\/2025\/04\/IMG-20250309-WA0033-1030x773.jpg) 50% 50% no-repeat scroll rgba(10,10,10,0.75);\n}\n<\/style>\n<div  class='flex_column av-4blhgzw-99ed76200505a32b555b2b0b2c09d905 av_one_full  avia-builder-el-1  el_before_av_one_full  avia-builder-el-first  shadow blend first flex_column_table_cell av-equal-height-column av-align-middle avia-full-stretch  '     ><style type=\"text\/css\" data-created_by=\"avia_inline_auto\" id=\"style-css-av-m3kaxx0b-b55bd06d0a55cc154063288663325511\">\n#top .av_textblock_section.av-m3kaxx0b-b55bd06d0a55cc154063288663325511 .avia_textblock{\nfont-size:18px;\ncolor:#ffffff;\n}\n<\/style>\n<section  class='av_textblock_section av-m3kaxx0b-b55bd06d0a55cc154063288663325511 '   itemscope=\"itemscope\" itemtype=\"https:\/\/schema.org\/BlogPosting\" itemprop=\"blogPost\" ><div class='avia_textblock av_inherit_color'  itemprop=\"text\" ><div class=\"JobDescriptionHeading\">\n<h1 style=\"text-align: center;\"><b>A New Erasmus+ Project Will Teach Language Instructors to Use Art Therapy in Refugee Education<\/b><\/h1>\n<h3 style=\"text-align: center;\"><b>Dublin &#8211; Athens &#8211; Prague<\/b><\/h3>\n<\/div>\n<div class=\"IconWithText mt-700\"><\/div>\n<\/div><\/section><\/div><\/div><!--close column table wrapper. Autoclose: 1 --><div class='flex_column_table av-3rnn4x8-34b799f28ef4f60131adc1ad99860e96 sc-av_one_full av-equal-height-column-flextable'>\n<style type=\"text\/css\" data-created_by=\"avia_inline_auto\" id=\"style-css-av-3rnn4x8-34b799f28ef4f60131adc1ad99860e96\">\n#top .flex_column_table.av-equal-height-column-flextable.av-3rnn4x8-34b799f28ef4f60131adc1ad99860e96{\nmargin-top:0px;\nmargin-bottom:30px;\n}\n.flex_column.av-3rnn4x8-34b799f28ef4f60131adc1ad99860e96{\nborder-radius:10px 10px 10px 10px;\npadding:30px 30px 30px 30px;\nbackground-color:#ffffff;\n}\n<\/style>\n<div  class='flex_column av-3rnn4x8-34b799f28ef4f60131adc1ad99860e96 av_one_full  avia-builder-el-3  el_after_av_one_full  el_before_av_two_third  shadow first flex_column_table_cell av-equal-height-column av-align-top  column-top-margin'     ><section  class='av_textblock_section av-m3kazo9y-c27ce87d27bd6e0dc669085585cd7d8a '   itemscope=\"itemscope\" itemtype=\"https:\/\/schema.org\/BlogPosting\" itemprop=\"blogPost\" ><div class='avia_textblock'  itemprop=\"text\" ><p><strong>How can you teach a language to someone carrying trauma from war or forced displacement? And how can teachers set healthy boundaries for themselves? These are some of the questions addressed by a new international project under the Erasmus+ programme, which our organization is proud to be part of. Together with our partners from Ireland and Greece, we are developing a course for language teachers that combines language instruction with elements of art therapy. Eva \u0160enk\u00fd\u0159ov\u00e1, ICP\u2019s Czech language course coordinator, represents our organization in the project. In this article, she introduces the project in more detail and shares insights from the projects meetings.<\/strong><\/p>\n<\/div><\/section><\/div><\/div><!--close column table wrapper. Autoclose: 1 --><div class='flex_column_table av-3eqf0to-4ba92f8f894c6eee42b357b70cbccaa5 sc-av_two_third av-equal-height-column-flextable'>\n<style type=\"text\/css\" data-created_by=\"avia_inline_auto\" id=\"style-css-av-3eqf0to-4ba92f8f894c6eee42b357b70cbccaa5\">\n#top .flex_column_table.av-equal-height-column-flextable.av-3eqf0to-4ba92f8f894c6eee42b357b70cbccaa5{\nmargin-top:0px;\nmargin-bottom:30px;\n}\n.flex_column.av-3eqf0to-4ba92f8f894c6eee42b357b70cbccaa5{\nborder-radius:10px 10px 10px 10px;\npadding:30px 30px 30px 30px;\nbackground-color:#ffffff;\n}\n<\/style>\n<div  class='flex_column av-3eqf0to-4ba92f8f894c6eee42b357b70cbccaa5 av_two_third  avia-builder-el-5  el_after_av_one_full  el_before_av_one_third  shadow first flex_column_table_cell av-equal-height-column av-align-top  column-top-margin'     ><section  class='av_textblock_section av-m3kbucmm-b4575adcd74e99b055bdb2434e510519 '   itemscope=\"itemscope\" itemtype=\"https:\/\/schema.org\/BlogPosting\" itemprop=\"blogPost\" ><div class='avia_textblock'  itemprop=\"text\" ><h3><strong data-start=\"39\" data-end=\"96\">Course for Teachers Working with Traumatized Students<\/strong><\/h3>\n<p><span style=\"font-weight: 400;\">As part of this Erasmus+ initiative, which brings together organizations from different countries, we are involved in a unique effort to develop a course for <\/span><strong>language teachers <\/strong><span style=\"font-weight: 400;\">working with<\/span> <strong>vulnerable groups<\/strong><span style=\"font-weight: 400;\"> such as refugees or asylum seekers. \u201cThis is an international collaboration among three organizations. Our partner is <\/span><strong><a href=\"https:\/\/everestlanguageschool.com\/\">Everest Language School <\/a><\/strong><span style=\"font-weight: 400;\"><strong>from Ireland<\/strong>, and the third organization is <\/span><strong><a href=\"https:\/\/www.amaka.gr\/en\/\">AMAKA<\/a><\/strong><span style=\"font-weight: 400;\"> from Greece, which specializes in art therapy. ICP is contributing to the project as an expert in migrant integration,\u201d explains Eva \u0160enk\u00fd\u0159ov\u00e1.<\/span><\/p>\n<p><span style=\"font-weight: 400;\">The project aims to enhance pedagogical skills in applying therapeutic approaches to language education. The goal is to develop a two-week course and syllabus for language teachers working with people affected by war or other trauma related to displacement from their home country. \u201cThe syllabus will be <\/span><strong>adaptable to any language<\/strong> <span style=\"font-weight: 400;\">and can be used by language teachers working with refugees anywhere in the world,\u201d Eva adds.<\/span><\/p>\n<h3><strong data-start=\"99\" data-end=\"161\">Art Therapy as a Bridge Between Learning and Understanding<\/strong><\/h3>\n<p><span style=\"font-weight: 400;\">She sees great value in combining teaching methods with<\/span> <strong>art therapy<\/strong><span style=\"font-weight: 400;\"> techniques. \u201cArt therapy-influenced activities can help work with topics that are sensitive for students within the context of a language course,\u201d she explains.<\/span><\/p>\n<p><span style=\"font-weight: 400;\">A strong emphasis is placed on helping teachers<\/span> <strong>better understand both the needs of their students and their own well-being<\/strong><span style=\"font-weight: 400;\">. The aim is to teach them how to maintain <\/span><strong>emotional distance<\/strong> <span style=\"font-weight: 400;\">during lessons as a way to prevent burnout. \u201cThe course covers a wide range of topics\u2014from the principles of communicative language teaching, integration of art therapy techniques, to cultural sensitivity. We also focus on teacher support, self-care, and setting personal boundaries when working with the target group,\u201d she adds.<\/span><\/p>\n<article class=\"text-token-text-primary w-full\" dir=\"auto\" data-testid=\"conversation-turn-6\" data-scroll-anchor=\"false\">\n<div class=\"text-base my-auto mx-auto py-5 &#091;--thread-content-margin:--spacing(4)&#093; @&#091;37rem&#093;:&#091;--thread-content-margin:--spacing(6)&#093; @&#091;70rem&#093;:&#091;--thread-content-margin:--spacing(12)&#093; px-(--thread-content-margin)\">\n<div class=\"&#091;--thread-content-max-width:32rem&#093; @&#091;34rem&#093;:&#091;--thread-content-max-width:40rem&#093; @&#091;64rem&#093;:&#091;--thread-content-max-width:48rem&#093; mx-auto flex max-w-(--thread-content-max-width) flex-1 text-base gap-4 md:gap-5 lg:gap-6 group\/turn-messages focus-visible:outline-hidden\" tabindex=\"-1\">\n<div class=\"group\/conversation-turn relative flex w-full min-w-0 flex-col agent-turn\">\n<div class=\"relative flex-col gap-1 md:gap-3\">\n<div class=\"flex max-w-full flex-col grow\">\n<div class=\"min-h-8 text-message relative flex w-full flex-col items-end gap-2 text-start break-words whitespace-normal &#091;.text-message+&amp;&#093;:mt-5\" dir=\"auto\" data-message-author-role=\"assistant\" data-message-id=\"a618ef41-b1d5-4837-acf1-ab7099a26c20\" data-message-model-slug=\"gpt-4o\">\n<div class=\"flex w-full flex-col gap-1 empty:hidden first:pt-&#091;3px&#093;\">\n<div class=\"markdown prose dark:prose-invert w-full break-words light\">\n<h3 data-start=\"39\" data-end=\"208\"><strong data-start=\"164\" data-end=\"208\" data-is-last-node=\"\">First Project Meeting in Dublin, Ireland<\/strong><\/h3>\n<\/div>\n<\/div>\n<\/div>\n<\/div>\n<div class=\"flex absolute start-0 end-0 flex justify-start\">\n<div class=\"touch:-me-2 touch:-ms-3.5 -ms-2.5 -me-1 flex items-center p-1 select-none -mt-1 focus-within:transition-none hover:transition-none duration-500 group-hover\/turn-messages:delay-300 pointer-events-none &#091;mask-image:linear-gradient(to_right,black_33%,transparent_66%)&#093; &#091;mask-position:100%_0%&#093; &#091;mask-size:300%_100%&#093; motion-safe:transition-&#091;mask-position&#093; group-hover\/turn-messages:pointer-events-auto group-hover\/turn-messages:&#091;mask-position:0_0&#093; group-focus-within\/turn-messages:pointer-events-auto group-focus-within\/turn-messages:&#091;mask-position:0_0&#093; has-data-&#091;state=open&#093;:pointer-events-auto has-data-&#091;state=open&#093;:&#091;mask-position:0_0&#093;\">The project is divided into several phases. In March 2025, the<strong> first meeting<\/strong> of participating organizations took place, with Eva \u0160enk\u00fd\u0159ov\u00e1 visiting <a href=\"https:\/\/everestlanguageschool.com\/\"><b>Everest Language School<\/b><\/a> <strong>in Dublin<\/strong>.<\/div>\n<\/div>\n<\/div>\n<\/div>\n<\/div>\n<\/div>\n<\/article>\n<p><span style=\"font-weight: 400;\"> \u201cIt was an intense brainstorming session with representatives of all three organizations and the school\u2019s teachers. We developed the course structure, syllabus, and key concepts we will be working with,\u201d she shares.<\/span><\/p>\n<p><span style=\"font-weight: 400;\">The visit also included visits to two Dublin-based organizations that support refugees.<\/span><span style=\"font-weight: 400;\"><br \/>\n<\/span><span style=\"font-weight: 400;\"> \u201cWe visited <\/span><strong><a href=\"https:\/\/fit.ie\/\">FIT<\/a><\/strong><span style=\"font-weight: 400;\"> (Fast Track into IT), which connects job seekers in the IT field with potential employers. At their local digital hub, we learned about English courses for Ukrainian refugees aimed at helping them find stable employment and integrate into Irish society,\u201d says Eva. The second visit was to <\/span><strong><a href=\"https:\/\/linktr.ee\/BohsClimateCoop\">Bohemians FC Climate Coop<\/a><\/strong><span style=\"font-weight: 400;\">, an initiative affiliated with a football club that runs various educational and community programs, including refugee courses that support integration.<\/span><\/p>\n<article class=\"text-token-text-primary w-full\" dir=\"auto\" data-testid=\"conversation-turn-8\" data-scroll-anchor=\"true\">\n<div class=\"text-base my-auto mx-auto py-5 &#091;--thread-content-margin:--spacing(4)&#093; @&#091;37rem&#093;:&#091;--thread-content-margin:--spacing(6)&#093; @&#091;72rem&#093;:&#091;--thread-content-margin:--spacing(16)&#093; px-(--thread-content-margin)\">\n<div class=\"&#091;--thread-content-max-width:32rem&#093; @&#091;34rem&#093;:&#091;--thread-content-max-width:40rem&#093; @&#091;64rem&#093;:&#091;--thread-content-max-width:48rem&#093; mx-auto flex max-w-(--thread-content-max-width) flex-1 text-base gap-4 md:gap-5 lg:gap-6 group\/turn-messages focus-visible:outline-hidden\" tabindex=\"-1\">\n<div class=\"group\/conversation-turn relative flex w-full min-w-0 flex-col agent-turn\">\n<div class=\"relative flex-col gap-1 md:gap-3\">\n<div class=\"flex max-w-full flex-col grow\">\n<div class=\"min-h-8 text-message relative flex w-full flex-col items-end gap-2 text-start break-words whitespace-normal &#091;.text-message+&amp;&#093;:mt-5\" dir=\"auto\" data-message-author-role=\"assistant\" data-message-id=\"dec4a24d-2f8c-47ec-9fae-bf28b29c1b9b\" data-message-model-slug=\"gpt-4o\">\n<div class=\"flex w-full flex-col gap-1 empty:hidden first:pt-&#091;3px&#093;\">\n<div class=\"markdown prose dark:prose-invert w-full break-words light\">\n<h3 data-start=\"52\" data-end=\"96\"><strong data-start=\"52\" data-end=\"96\">Second Project Meeting in Athens, Greece<\/strong><\/h3>\n<p data-start=\"98\" data-end=\"591\">The second project meeting took place in Athens, Greece, hosted by the non-profit organization<strong> <a href=\"https:\/\/www.amaka.gr\/\">AMAKA<\/a><\/strong>, which is based in the city. \u201cDuring the hot days of May, we followed a packed program focused on topics related to art therapy, migration, and working with socially disadvantaged individuals. The meeting had a strong practical component. We had the chance to try out selected art therapy techniques ourselves, which could potentially be adapted for language teaching purposes,\u201d explains Eva.<\/p>\n<p data-start=\"593\" data-end=\"1243\">As part of the <em data-start=\"608\" data-end=\"634\">Invisible Tour of Athens<\/em>, she and her colleagues were able to take a look beneath the surface of this undoubtedly touristy city and experience it through the eyes of someone living without a home. The tour, along with the distribution of the street magazine <em data-start=\"868\" data-end=\"876\">Shedia<\/em> (the Greek equivalent of <em data-start=\"902\" data-end=\"916\">Nov\u00fd Prostor<\/em>), falls under the activities of the non-profit organization <strong><a href=\"https:\/\/www.shedia.gr\/\"><em data-start=\"977\" data-end=\"987\">Diogenes<\/em><\/a><\/strong>. Selling these magazines, which is also the source of income for their guide Michalis, a person experiencing homelessness, not only provides employment but also helps build self-esteem and supports the reintegration of vulnerable individuals into society.<\/p>\n<p data-start=\"1245\" data-end=\"1780\">The visit also included stops at two Athenian organizations working with refugees, migrants, and vulnerable groups. The first was the non-profit organization <strong><a href=\"https:\/\/metadrasi.org\/en\/\"><em data-start=\"1403\" data-end=\"1414\">METAdrasi<\/em><\/a><\/strong>, which aims to bridge the gap between the arrival of refugees and migrants and their integration into Greek society. They provide interpreting services, educational programs (including Greek language courses), and protection for unaccompanied minors and other vulnerable groups. Their reach is extensive &#8211; they are active both on the islands and the Greek mainland.<\/p>\n<p data-start=\"1782\" data-end=\"1957\" data-is-last-node=\"\" data-is-only-node=\"\">The second site visited was a center for unaccompanied minor boys, most of whom are asylum seekers. The center offers accommodation, support, and informal educational courses.<\/p>\n<\/div>\n<\/div>\n<\/div>\n<\/div>\n<\/div>\n<\/div>\n<\/div>\n<\/div>\n<\/article>\n<h3><strong>What comes next?<\/strong><\/h3>\n<p><strong>The next project meeting <\/strong>will take place at<strong>\u00a0ICP<\/strong><span style=\"font-weight: 400;\"> in Prague, where we will present our experience in migrant integration and showcase our services to colleagues from Ireland and Greece.<\/span><span style=\"font-weight: 400;\"><br \/>\n<\/span><span style=\"font-weight: 400;\"> \u201cThe final stage of the project will be a training session for language teachers, where the developed teaching materials will be put into practice. The participants will then be able to pass on the programme to other teachers,\u201d concludes Eva.<\/span><\/p>\n<\/div><\/section><\/div><div class='av-flex-placeholder'><\/div>\n<style type=\"text\/css\" data-created_by=\"avia_inline_auto\" id=\"style-css-av-3k22jtg-7cfa4edde83ec67b566d982add03c5e9\">\n#top .flex_column_table.av-equal-height-column-flextable.av-3k22jtg-7cfa4edde83ec67b566d982add03c5e9{\nmargin-top:0px;\nmargin-bottom:30px;\n}\n.flex_column.av-3k22jtg-7cfa4edde83ec67b566d982add03c5e9{\nborder-radius:10px 10px 10px 10px;\npadding:30px 30px 30px 30px;\nbackground-color:#ffffff;\n}\n<\/style>\n<div  class='flex_column av-3k22jtg-7cfa4edde83ec67b566d982add03c5e9 av_one_third  avia-builder-el-7  el_after_av_two_third  avia-builder-el-last  shadow flex_column_table_cell av-equal-height-column av-align-top  column-top-margin'     ><p>\n<style type=\"text\/css\" data-created_by=\"avia_inline_auto\" id=\"style-css-av-m9cyv5y9-c205355d59ab769cf1629d2187a60745\">\n.avia-image-container.av-m9cyv5y9-c205355d59ab769cf1629d2187a60745 img.avia_image{\nbox-shadow:none;\n}\n.avia-image-container.av-m9cyv5y9-c205355d59ab769cf1629d2187a60745 .av-caption-image-overlay-bg{\nopacity:0.9;\nbackground-color:#ffffff;\n}\n.avia-image-container.av-m9cyv5y9-c205355d59ab769cf1629d2187a60745 .av-image-caption-overlay-center{\ncolor:#000000;\nfont-size:12px;\n}\n<\/style>\n<div  class='avia-image-container av-m9cyv5y9-c205355d59ab769cf1629d2187a60745 av-styling- av-img-linked avia-align-center  avia-builder-el-8  el_before_av_image  avia-builder-el-first  noHover av-overlay-on-hover'   itemprop=\"image\" itemscope=\"itemscope\" itemtype=\"https:\/\/schema.org\/ImageObject\" ><div class=\"avia-image-container-inner\"><div class=\"avia-image-overlay-wrap\"><a href=\"https:\/\/old.icpraha.com\/wp-content\/uploads\/2025\/04\/IMG-20250309-WA0033-1030x773.jpg\" data-srcset=\"https:\/\/old.icpraha.com\/wp-content\/uploads\/2025\/04\/IMG-20250309-WA0033-1030x773.jpg 1030w, https:\/\/old.icpraha.com\/wp-content\/uploads\/2025\/04\/IMG-20250309-WA0033-300x225.jpg 300w, https:\/\/old.icpraha.com\/wp-content\/uploads\/2025\/04\/IMG-20250309-WA0033-768x576.jpg 768w, https:\/\/old.icpraha.com\/wp-content\/uploads\/2025\/04\/IMG-20250309-WA0033-1536x1152.jpg 1536w, https:\/\/old.icpraha.com\/wp-content\/uploads\/2025\/04\/IMG-20250309-WA0033-scaled.jpg 1500w, https:\/\/old.icpraha.com\/wp-content\/uploads\/2025\/04\/IMG-20250309-WA0033-705x529.jpg 705w\" data-sizes=\"(max-width: 1030px) 100vw, 1030px\" class='avia_image '  aria-label='IMG-20250309-WA0033'><div class=\"av-image-caption-overlay\"><div class=\"av-caption-image-overlay-bg\"><\/div><div class=\"av-image-caption-overlay-position\"><div class=\"av-image-caption-overlay-center\"><\/div><\/div><\/div><img decoding=\"async\" fetchpriority=\"high\" class='wp-image-48785 avia-img-lazy-loading-not-48785 avia_image ' src=\"https:\/\/old.icpraha.com\/wp-content\/uploads\/2025\/04\/IMG-20250309-WA0033-1030x773.jpg\" alt='' title='IMG-20250309-WA0033'  height=\"773\" width=\"1030\"  itemprop=\"thumbnailUrl\" srcset=\"https:\/\/old.icpraha.com\/wp-content\/uploads\/2025\/04\/IMG-20250309-WA0033-1030x773.jpg 1030w, https:\/\/old.icpraha.com\/wp-content\/uploads\/2025\/04\/IMG-20250309-WA0033-300x225.jpg 300w, https:\/\/old.icpraha.com\/wp-content\/uploads\/2025\/04\/IMG-20250309-WA0033-768x576.jpg 768w, https:\/\/old.icpraha.com\/wp-content\/uploads\/2025\/04\/IMG-20250309-WA0033-1536x1152.jpg 1536w, https:\/\/old.icpraha.com\/wp-content\/uploads\/2025\/04\/IMG-20250309-WA0033-scaled.jpg 1500w, https:\/\/old.icpraha.com\/wp-content\/uploads\/2025\/04\/IMG-20250309-WA0033-705x529.jpg 705w\" sizes=\"(max-width: 1030px) 100vw, 1030px\" \/><\/a><\/div><\/div><\/div><br \/>\n\n<style type=\"text\/css\" data-created_by=\"avia_inline_auto\" id=\"style-css-av-m9cyvojm-bef8b931a41c049ff64980807e3f7b5c\">\n.avia-image-container.av-m9cyvojm-bef8b931a41c049ff64980807e3f7b5c img.avia_image{\nbox-shadow:none;\n}\n.avia-image-container.av-m9cyvojm-bef8b931a41c049ff64980807e3f7b5c .av-caption-image-overlay-bg{\nopacity:0.9;\nbackground-color:#ffffff;\n}\n.avia-image-container.av-m9cyvojm-bef8b931a41c049ff64980807e3f7b5c .av-image-caption-overlay-center{\ncolor:#000000;\nfont-size:12px;\n}\n<\/style>\n<div  class='avia-image-container av-m9cyvojm-bef8b931a41c049ff64980807e3f7b5c av-styling- av-img-linked avia-align-center  avia-builder-el-9  el_after_av_image  el_before_av_image  noHover av-overlay-on-hover'   itemprop=\"image\" itemscope=\"itemscope\" itemtype=\"https:\/\/schema.org\/ImageObject\" ><div class=\"avia-image-container-inner\"><div class=\"avia-image-overlay-wrap\"><a href=\"https:\/\/old.icpraha.com\/wp-content\/uploads\/2025\/04\/IMG-20250309-WA0021-1030x773.jpg\" data-srcset=\"https:\/\/old.icpraha.com\/wp-content\/uploads\/2025\/04\/IMG-20250309-WA0021-1030x773.jpg 1030w, https:\/\/old.icpraha.com\/wp-content\/uploads\/2025\/04\/IMG-20250309-WA0021-300x225.jpg 300w, https:\/\/old.icpraha.com\/wp-content\/uploads\/2025\/04\/IMG-20250309-WA0021-768x576.jpg 768w, https:\/\/old.icpraha.com\/wp-content\/uploads\/2025\/04\/IMG-20250309-WA0021-1536x1152.jpg 1536w, https:\/\/old.icpraha.com\/wp-content\/uploads\/2025\/04\/IMG-20250309-WA0021-scaled.jpg 1500w, https:\/\/old.icpraha.com\/wp-content\/uploads\/2025\/04\/IMG-20250309-WA0021-705x529.jpg 705w\" data-sizes=\"(max-width: 1030px) 100vw, 1030px\" class='avia_image '  aria-label='IMG-20250309-WA0021'><div class=\"av-image-caption-overlay\"><div class=\"av-caption-image-overlay-bg\"><\/div><div class=\"av-image-caption-overlay-position\"><div class=\"av-image-caption-overlay-center\"><\/div><\/div><\/div><img decoding=\"async\" fetchpriority=\"high\" class='wp-image-48777 avia-img-lazy-loading-not-48777 avia_image ' src=\"https:\/\/old.icpraha.com\/wp-content\/uploads\/2025\/04\/IMG-20250309-WA0021-1030x773.jpg\" alt='' title='IMG-20250309-WA0021'  height=\"773\" width=\"1030\"  itemprop=\"thumbnailUrl\" srcset=\"https:\/\/old.icpraha.com\/wp-content\/uploads\/2025\/04\/IMG-20250309-WA0021-1030x773.jpg 1030w, https:\/\/old.icpraha.com\/wp-content\/uploads\/2025\/04\/IMG-20250309-WA0021-300x225.jpg 300w, https:\/\/old.icpraha.com\/wp-content\/uploads\/2025\/04\/IMG-20250309-WA0021-768x576.jpg 768w, https:\/\/old.icpraha.com\/wp-content\/uploads\/2025\/04\/IMG-20250309-WA0021-1536x1152.jpg 1536w, https:\/\/old.icpraha.com\/wp-content\/uploads\/2025\/04\/IMG-20250309-WA0021-scaled.jpg 1500w, https:\/\/old.icpraha.com\/wp-content\/uploads\/2025\/04\/IMG-20250309-WA0021-705x529.jpg 705w\" sizes=\"(max-width: 1030px) 100vw, 1030px\" \/><\/a><\/div><\/div><\/div><br \/>\n\n<style type=\"text\/css\" data-created_by=\"avia_inline_auto\" id=\"style-css-av-m9cywlie-4803e6e4098e13ba9e86bdacff00bd7b\">\n.avia-image-container.av-m9cywlie-4803e6e4098e13ba9e86bdacff00bd7b img.avia_image{\nbox-shadow:none;\n}\n.avia-image-container.av-m9cywlie-4803e6e4098e13ba9e86bdacff00bd7b .av-caption-image-overlay-bg{\nopacity:0.9;\nbackground-color:#ffffff;\n}\n.avia-image-container.av-m9cywlie-4803e6e4098e13ba9e86bdacff00bd7b .av-image-caption-overlay-center{\ncolor:#000000;\nfont-size:12px;\n}\n<\/style>\n<div  class='avia-image-container av-m9cywlie-4803e6e4098e13ba9e86bdacff00bd7b av-styling- av-img-linked avia-align-center  avia-builder-el-10  el_after_av_image  el_before_av_image  noHover av-overlay-on-hover'   itemprop=\"image\" itemscope=\"itemscope\" itemtype=\"https:\/\/schema.org\/ImageObject\" ><div class=\"avia-image-container-inner\"><div class=\"avia-image-overlay-wrap\"><a href=\"https:\/\/old.icpraha.com\/wp-content\/uploads\/2025\/04\/IMG-20250309-WA0048-1030x773.jpg\" data-srcset=\"https:\/\/old.icpraha.com\/wp-content\/uploads\/2025\/04\/IMG-20250309-WA0048-1030x773.jpg 1030w, https:\/\/old.icpraha.com\/wp-content\/uploads\/2025\/04\/IMG-20250309-WA0048-300x225.jpg 300w, https:\/\/old.icpraha.com\/wp-content\/uploads\/2025\/04\/IMG-20250309-WA0048-768x576.jpg 768w, https:\/\/old.icpraha.com\/wp-content\/uploads\/2025\/04\/IMG-20250309-WA0048-1536x1152.jpg 1536w, https:\/\/old.icpraha.com\/wp-content\/uploads\/2025\/04\/IMG-20250309-WA0048-scaled.jpg 1500w, https:\/\/old.icpraha.com\/wp-content\/uploads\/2025\/04\/IMG-20250309-WA0048-705x529.jpg 705w\" data-sizes=\"(max-width: 1030px) 100vw, 1030px\" class='avia_image '  aria-label='IMG-20250309-WA0048'><div class=\"av-image-caption-overlay\"><div class=\"av-caption-image-overlay-bg\"><\/div><div class=\"av-image-caption-overlay-position\"><div class=\"av-image-caption-overlay-center\"><\/div><\/div><\/div><img decoding=\"async\" fetchpriority=\"high\" class='wp-image-48825 avia-img-lazy-loading-not-48825 avia_image ' src=\"https:\/\/old.icpraha.com\/wp-content\/uploads\/2025\/04\/IMG-20250309-WA0048-1030x773.jpg\" alt='' title='IMG-20250309-WA0048'  height=\"773\" width=\"1030\"  itemprop=\"thumbnailUrl\" srcset=\"https:\/\/old.icpraha.com\/wp-content\/uploads\/2025\/04\/IMG-20250309-WA0048-1030x773.jpg 1030w, https:\/\/old.icpraha.com\/wp-content\/uploads\/2025\/04\/IMG-20250309-WA0048-300x225.jpg 300w, https:\/\/old.icpraha.com\/wp-content\/uploads\/2025\/04\/IMG-20250309-WA0048-768x576.jpg 768w, https:\/\/old.icpraha.com\/wp-content\/uploads\/2025\/04\/IMG-20250309-WA0048-1536x1152.jpg 1536w, https:\/\/old.icpraha.com\/wp-content\/uploads\/2025\/04\/IMG-20250309-WA0048-scaled.jpg 1500w, https:\/\/old.icpraha.com\/wp-content\/uploads\/2025\/04\/IMG-20250309-WA0048-705x529.jpg 705w\" sizes=\"(max-width: 1030px) 100vw, 1030px\" \/><\/a><\/div><\/div><\/div><br \/>\n\n<style type=\"text\/css\" data-created_by=\"avia_inline_auto\" id=\"style-css-av-m9cyx4k4-38b3f4280dec347342d18a7a6fafa5d7\">\n.avia-image-container.av-m9cyx4k4-38b3f4280dec347342d18a7a6fafa5d7 img.avia_image{\nbox-shadow:none;\n}\n.avia-image-container.av-m9cyx4k4-38b3f4280dec347342d18a7a6fafa5d7 .av-caption-image-overlay-bg{\nopacity:0.9;\nbackground-color:#ffffff;\n}\n.avia-image-container.av-m9cyx4k4-38b3f4280dec347342d18a7a6fafa5d7 .av-image-caption-overlay-center{\ncolor:#000000;\nfont-size:12px;\n}\n<\/style>\n<div  class='avia-image-container av-m9cyx4k4-38b3f4280dec347342d18a7a6fafa5d7 av-styling- av-img-linked avia-align-center  avia-builder-el-11  el_after_av_image  el_before_av_image  noHover av-overlay-on-hover'   itemprop=\"image\" itemscope=\"itemscope\" itemtype=\"https:\/\/schema.org\/ImageObject\" ><div class=\"avia-image-container-inner\"><div class=\"avia-image-overlay-wrap\"><a href=\"https:\/\/old.icpraha.com\/wp-content\/uploads\/2025\/04\/IMG-20250312-WA0000-773x1030.jpg\" data-srcset=\"https:\/\/old.icpraha.com\/wp-content\/uploads\/2025\/04\/IMG-20250312-WA0000-773x1030.jpg 773w, https:\/\/old.icpraha.com\/wp-content\/uploads\/2025\/04\/IMG-20250312-WA0000-225x300.jpg 225w, https:\/\/old.icpraha.com\/wp-content\/uploads\/2025\/04\/IMG-20250312-WA0000-768x1024.jpg 768w, https:\/\/old.icpraha.com\/wp-content\/uploads\/2025\/04\/IMG-20250312-WA0000-1152x1536.jpg 1152w, https:\/\/old.icpraha.com\/wp-content\/uploads\/2025\/04\/IMG-20250312-WA0000-scaled.jpg 1125w, https:\/\/old.icpraha.com\/wp-content\/uploads\/2025\/04\/IMG-20250312-WA0000-529x705.jpg 529w\" data-sizes=\"(max-width: 773px) 100vw, 773px\" class='avia_image '  aria-label='IMG-20250312-WA0000'><div class=\"av-image-caption-overlay\"><div class=\"av-caption-image-overlay-bg\"><\/div><div class=\"av-image-caption-overlay-position\"><div class=\"av-image-caption-overlay-center\"><\/div><\/div><\/div><img decoding=\"async\" fetchpriority=\"high\" class='wp-image-48809 avia-img-lazy-loading-not-48809 avia_image ' src=\"https:\/\/old.icpraha.com\/wp-content\/uploads\/2025\/04\/IMG-20250312-WA0000-773x1030.jpg\" alt='' title='IMG-20250312-WA0000'  height=\"1030\" width=\"773\"  itemprop=\"thumbnailUrl\" srcset=\"https:\/\/old.icpraha.com\/wp-content\/uploads\/2025\/04\/IMG-20250312-WA0000-773x1030.jpg 773w, https:\/\/old.icpraha.com\/wp-content\/uploads\/2025\/04\/IMG-20250312-WA0000-225x300.jpg 225w, https:\/\/old.icpraha.com\/wp-content\/uploads\/2025\/04\/IMG-20250312-WA0000-768x1024.jpg 768w, https:\/\/old.icpraha.com\/wp-content\/uploads\/2025\/04\/IMG-20250312-WA0000-1152x1536.jpg 1152w, https:\/\/old.icpraha.com\/wp-content\/uploads\/2025\/04\/IMG-20250312-WA0000-scaled.jpg 1125w, https:\/\/old.icpraha.com\/wp-content\/uploads\/2025\/04\/IMG-20250312-WA0000-529x705.jpg 529w\" sizes=\"(max-width: 773px) 100vw, 773px\" \/><\/a><\/div><\/div><\/div><br \/>\n\n<style type=\"text\/css\" data-created_by=\"avia_inline_auto\" id=\"style-css-av-mcdjqu5d-df304c9d44174a932361729bc418a1b8\">\n.avia-image-container.av-mcdjqu5d-df304c9d44174a932361729bc418a1b8 img.avia_image{\nbox-shadow:none;\n}\n.avia-image-container.av-mcdjqu5d-df304c9d44174a932361729bc418a1b8 .av-caption-image-overlay-bg{\nopacity:0.9;\nbackground-color:#ffffff;\n}\n.avia-image-container.av-mcdjqu5d-df304c9d44174a932361729bc418a1b8 .av-image-caption-overlay-center{\ncolor:#000000;\nfont-size:12px;\n}\n<\/style>\n<div  class='avia-image-container av-mcdjqu5d-df304c9d44174a932361729bc418a1b8 av-styling- av-img-linked avia-align-center  avia-builder-el-12  el_after_av_image  el_before_av_image  noHover av-overlay-on-hover'   itemprop=\"image\" itemscope=\"itemscope\" itemtype=\"https:\/\/schema.org\/ImageObject\" ><div class=\"avia-image-container-inner\"><div class=\"avia-image-overlay-wrap\"><a href=\"https:\/\/old.icpraha.com\/wp-content\/uploads\/2025\/04\/Amaka-1-994x1030.jpg\" data-srcset=\"https:\/\/old.icpraha.com\/wp-content\/uploads\/2025\/04\/Amaka-1-994x1030.jpg 994w, https:\/\/old.icpraha.com\/wp-content\/uploads\/2025\/04\/Amaka-1-289x300.jpg 289w, https:\/\/old.icpraha.com\/wp-content\/uploads\/2025\/04\/Amaka-1-768x796.jpg 768w, https:\/\/old.icpraha.com\/wp-content\/uploads\/2025\/04\/Amaka-1-36x36.jpg 36w, https:\/\/old.icpraha.com\/wp-content\/uploads\/2025\/04\/Amaka-1-680x705.jpg 680w, https:\/\/old.icpraha.com\/wp-content\/uploads\/2025\/04\/Amaka-1.jpg 1200w\" data-sizes=\"(max-width: 994px) 100vw, 994px\" class='avia_image '  aria-label='Amaka 1'><div class=\"av-image-caption-overlay\"><div class=\"av-caption-image-overlay-bg\"><\/div><div class=\"av-image-caption-overlay-position\"><div class=\"av-image-caption-overlay-center\"><\/div><\/div><\/div><img decoding=\"async\" fetchpriority=\"high\" class='wp-image-51052 avia-img-lazy-loading-not-51052 avia_image ' src=\"https:\/\/old.icpraha.com\/wp-content\/uploads\/2025\/04\/Amaka-1-994x1030.jpg\" alt='' title='Amaka 1'  height=\"1030\" width=\"994\"  itemprop=\"thumbnailUrl\" srcset=\"https:\/\/old.icpraha.com\/wp-content\/uploads\/2025\/04\/Amaka-1-994x1030.jpg 994w, https:\/\/old.icpraha.com\/wp-content\/uploads\/2025\/04\/Amaka-1-289x300.jpg 289w, https:\/\/old.icpraha.com\/wp-content\/uploads\/2025\/04\/Amaka-1-768x796.jpg 768w, https:\/\/old.icpraha.com\/wp-content\/uploads\/2025\/04\/Amaka-1-36x36.jpg 36w, https:\/\/old.icpraha.com\/wp-content\/uploads\/2025\/04\/Amaka-1-680x705.jpg 680w, https:\/\/old.icpraha.com\/wp-content\/uploads\/2025\/04\/Amaka-1.jpg 1200w\" sizes=\"(max-width: 994px) 100vw, 994px\" \/><\/a><\/div><\/div><\/div><br \/>\n\n<style type=\"text\/css\" data-created_by=\"avia_inline_auto\" id=\"style-css-av-mcdjrab7-2896833fe7d93bebc3de98e7fb8c710e\">\n.avia-image-container.av-mcdjrab7-2896833fe7d93bebc3de98e7fb8c710e img.avia_image{\nbox-shadow:none;\n}\n.avia-image-container.av-mcdjrab7-2896833fe7d93bebc3de98e7fb8c710e .av-caption-image-overlay-bg{\nopacity:0.9;\nbackground-color:#ffffff;\n}\n.avia-image-container.av-mcdjrab7-2896833fe7d93bebc3de98e7fb8c710e .av-image-caption-overlay-center{\ncolor:#000000;\nfont-size:12px;\n}\n<\/style>\n<div  class='avia-image-container av-mcdjrab7-2896833fe7d93bebc3de98e7fb8c710e av-styling- av-img-linked avia-align-center  avia-builder-el-13  el_after_av_image  el_before_av_image  noHover av-overlay-on-hover'   itemprop=\"image\" itemscope=\"itemscope\" itemtype=\"https:\/\/schema.org\/ImageObject\" ><div class=\"avia-image-container-inner\"><div class=\"avia-image-overlay-wrap\"><a href=\"https:\/\/old.icpraha.com\/wp-content\/uploads\/2025\/04\/Refugee-Hosting-Centre-1-773x1030.jpg\" data-srcset=\"https:\/\/old.icpraha.com\/wp-content\/uploads\/2025\/04\/Refugee-Hosting-Centre-1-773x1030.jpg 773w, https:\/\/old.icpraha.com\/wp-content\/uploads\/2025\/04\/Refugee-Hosting-Centre-1-225x300.jpg 225w, https:\/\/old.icpraha.com\/wp-content\/uploads\/2025\/04\/Refugee-Hosting-Centre-1-768x1024.jpg 768w, https:\/\/old.icpraha.com\/wp-content\/uploads\/2025\/04\/Refugee-Hosting-Centre-1-529x705.jpg 529w, https:\/\/old.icpraha.com\/wp-content\/uploads\/2025\/04\/Refugee-Hosting-Centre-1.jpg 960w\" data-sizes=\"(max-width: 773px) 100vw, 773px\" class='avia_image '  aria-label='Refugee Hosting Centre 1'><div class=\"av-image-caption-overlay\"><div class=\"av-caption-image-overlay-bg\"><\/div><div class=\"av-image-caption-overlay-position\"><div class=\"av-image-caption-overlay-center\"><\/div><\/div><\/div><img decoding=\"async\" fetchpriority=\"high\" class='wp-image-51044 avia-img-lazy-loading-not-51044 avia_image ' src=\"https:\/\/old.icpraha.com\/wp-content\/uploads\/2025\/04\/Refugee-Hosting-Centre-1-773x1030.jpg\" alt='' title='Refugee Hosting Centre 1'  height=\"1030\" width=\"773\"  itemprop=\"thumbnailUrl\" srcset=\"https:\/\/old.icpraha.com\/wp-content\/uploads\/2025\/04\/Refugee-Hosting-Centre-1-773x1030.jpg 773w, https:\/\/old.icpraha.com\/wp-content\/uploads\/2025\/04\/Refugee-Hosting-Centre-1-225x300.jpg 225w, https:\/\/old.icpraha.com\/wp-content\/uploads\/2025\/04\/Refugee-Hosting-Centre-1-768x1024.jpg 768w, https:\/\/old.icpraha.com\/wp-content\/uploads\/2025\/04\/Refugee-Hosting-Centre-1-529x705.jpg 529w, https:\/\/old.icpraha.com\/wp-content\/uploads\/2025\/04\/Refugee-Hosting-Centre-1.jpg 960w\" sizes=\"(max-width: 773px) 100vw, 773px\" \/><\/a><\/div><\/div><\/div><br \/>\n\n<style type=\"text\/css\" data-created_by=\"avia_inline_auto\" id=\"style-css-av-mcdjrv6x-ecc924a81ad3ceefd11cced285ca5c0e\">\n.avia-image-container.av-mcdjrv6x-ecc924a81ad3ceefd11cced285ca5c0e img.avia_image{\nbox-shadow:none;\n}\n.avia-image-container.av-mcdjrv6x-ecc924a81ad3ceefd11cced285ca5c0e .av-caption-image-overlay-bg{\nopacity:0.9;\nbackground-color:#ffffff;\n}\n.avia-image-container.av-mcdjrv6x-ecc924a81ad3ceefd11cced285ca5c0e .av-image-caption-overlay-center{\ncolor:#000000;\nfont-size:12px;\n}\n<\/style>\n<div  class='avia-image-container av-mcdjrv6x-ecc924a81ad3ceefd11cced285ca5c0e av-styling- av-img-linked avia-align-center  avia-builder-el-14  el_after_av_image  avia-builder-el-last  noHover av-overlay-on-hover'   itemprop=\"image\" itemscope=\"itemscope\" itemtype=\"https:\/\/schema.org\/ImageObject\" ><div class=\"avia-image-container-inner\"><div class=\"avia-image-overlay-wrap\"><a href=\"https:\/\/old.icpraha.com\/wp-content\/uploads\/2025\/04\/Refugee-Hosting-Centre-2-1030x851.jpg\" data-srcset=\"https:\/\/old.icpraha.com\/wp-content\/uploads\/2025\/04\/Refugee-Hosting-Centre-2-1030x851.jpg 1030w, https:\/\/old.icpraha.com\/wp-content\/uploads\/2025\/04\/Refugee-Hosting-Centre-2-300x248.jpg 300w, https:\/\/old.icpraha.com\/wp-content\/uploads\/2025\/04\/Refugee-Hosting-Centre-2-768x635.jpg 768w, https:\/\/old.icpraha.com\/wp-content\/uploads\/2025\/04\/Refugee-Hosting-Centre-2-705x583.jpg 705w, https:\/\/old.icpraha.com\/wp-content\/uploads\/2025\/04\/Refugee-Hosting-Centre-2.jpg 1200w\" data-sizes=\"(max-width: 1030px) 100vw, 1030px\" class='avia_image '  aria-label='Refugee Hosting Centre 2'><div class=\"av-image-caption-overlay\"><div class=\"av-caption-image-overlay-bg\"><\/div><div class=\"av-image-caption-overlay-position\"><div class=\"av-image-caption-overlay-center\"><\/div><\/div><\/div><img decoding=\"async\" fetchpriority=\"high\" class='wp-image-51036 avia-img-lazy-loading-not-51036 avia_image ' src=\"https:\/\/old.icpraha.com\/wp-content\/uploads\/2025\/04\/Refugee-Hosting-Centre-2-1030x851.jpg\" alt='' title='Refugee Hosting Centre 2'  height=\"851\" width=\"1030\"  itemprop=\"thumbnailUrl\" srcset=\"https:\/\/old.icpraha.com\/wp-content\/uploads\/2025\/04\/Refugee-Hosting-Centre-2-1030x851.jpg 1030w, https:\/\/old.icpraha.com\/wp-content\/uploads\/2025\/04\/Refugee-Hosting-Centre-2-300x248.jpg 300w, https:\/\/old.icpraha.com\/wp-content\/uploads\/2025\/04\/Refugee-Hosting-Centre-2-768x635.jpg 768w, https:\/\/old.icpraha.com\/wp-content\/uploads\/2025\/04\/Refugee-Hosting-Centre-2-705x583.jpg 705w, https:\/\/old.icpraha.com\/wp-content\/uploads\/2025\/04\/Refugee-Hosting-Centre-2.jpg 1200w\" sizes=\"(max-width: 1030px) 100vw, 1030px\" \/><\/a><\/div><\/div><\/div><\/p><\/div><\/div><!--close column table wrapper. Autoclose: 1 --><\/div><\/div><\/main><!-- close content main element --><\/div><\/div><div id='av_section_2'  class='avia-section av-3q820c-dc337b0ec74dd6975287d9bd287878b2 main_color avia-section-default avia-no-shadow  avia-builder-el-15  el_after_av_section  avia-builder-el-last  avia-bg-style-scroll container_wrap fullsize'  ><div class='container av-section-cont-open' ><div class='template-page content  av-content-full alpha units'><div class='post-entry post-entry-type-page post-entry-48842'><div class='entry-content-wrapper clearfix'>\n<div class='flex_column_table av-bp233-655a652f74c5d17cf3e647e236e5cee9 sc-av_one_third av-equal-height-column-flextable'>\n<style type=\"text\/css\" data-created_by=\"avia_inline_auto\" id=\"style-css-av-bp233-655a652f74c5d17cf3e647e236e5cee9\">\n#top .flex_column_table.av-equal-height-column-flextable.av-bp233-655a652f74c5d17cf3e647e236e5cee9{\nmargin-top:0px;\nmargin-bottom:30px;\n}\n.flex_column.av-bp233-655a652f74c5d17cf3e647e236e5cee9{\nborder-radius:10px 0px 0px 10px;\npadding:30px 30px 30px 30px;\nbackground-color:#ffffff;\n}\n<\/style>\n<div  class='flex_column av-bp233-655a652f74c5d17cf3e647e236e5cee9 av_one_third  avia-builder-el-16  el_before_av_one_third  avia-builder-el-first  first no_margin flex_column_table_cell av-equal-height-column av-align-middle  '     ><style type=\"text\/css\" data-created_by=\"avia_inline_auto\" id=\"style-css-av-jpbcj3v7-ec02fb88908c66959c8b80e288ad55bc\">\n.avia-image-container.av-jpbcj3v7-ec02fb88908c66959c8b80e288ad55bc img.avia_image{\nbox-shadow:none;\n}\n.avia-image-container.av-jpbcj3v7-ec02fb88908c66959c8b80e288ad55bc .av-image-caption-overlay-center{\ncolor:#ffffff;\n}\n<\/style>\n<div  class='avia-image-container av-jpbcj3v7-ec02fb88908c66959c8b80e288ad55bc av-styling-no-styling avia-align-center  avia-builder-el-17  avia-builder-el-no-sibling '   itemprop=\"image\" itemscope=\"itemscope\" itemtype=\"https:\/\/schema.org\/ImageObject\" ><div class=\"avia-image-container-inner\"><div class=\"avia-image-overlay-wrap\"><img decoding=\"async\" fetchpriority=\"high\" class='wp-image-44472 avia-img-lazy-loading-not-44472 avia_image ' src=\"https:\/\/old.icpraha.com\/wp-content\/uploads\/2024\/11\/EN-Funded-by-the-EU-POS-scaled.jpg\" alt='' title='EN-Funded by the EU-POS'  height=\"315\" width=\"1500\"  itemprop=\"thumbnailUrl\" srcset=\"https:\/\/old.icpraha.com\/wp-content\/uploads\/2024\/11\/EN-Funded-by-the-EU-POS-scaled.jpg 1500w, https:\/\/old.icpraha.com\/wp-content\/uploads\/2024\/11\/EN-Funded-by-the-EU-POS-300x63.jpg 300w, https:\/\/old.icpraha.com\/wp-content\/uploads\/2024\/11\/EN-Funded-by-the-EU-POS-1030x216.jpg 1030w, https:\/\/old.icpraha.com\/wp-content\/uploads\/2024\/11\/EN-Funded-by-the-EU-POS-768x161.jpg 768w, https:\/\/old.icpraha.com\/wp-content\/uploads\/2024\/11\/EN-Funded-by-the-EU-POS-1536x322.jpg 1536w, https:\/\/old.icpraha.com\/wp-content\/uploads\/2024\/11\/EN-Funded-by-the-EU-POS-2048x430.jpg 2048w, https:\/\/old.icpraha.com\/wp-content\/uploads\/2024\/11\/EN-Funded-by-the-EU-POS-705x148.jpg 705w\" sizes=\"(max-width: 1500px) 100vw, 1500px\" \/><\/div><\/div><\/div><\/div>\n<style type=\"text\/css\" data-created_by=\"avia_inline_auto\" id=\"style-css-av-17zwi8k-a9a507c3ba29e9f0063c218124c58725\">\n#top .flex_column_table.av-equal-height-column-flextable.av-17zwi8k-a9a507c3ba29e9f0063c218124c58725{\nmargin-top:0px;\nmargin-bottom:30px;\n}\n.flex_column.av-17zwi8k-a9a507c3ba29e9f0063c218124c58725{\nborder-radius:10px 0px 0px 10px;\npadding:30px 30px 30px 30px;\nbackground-color:#ffffff;\n}\n<\/style>\n<div  class='flex_column av-17zwi8k-a9a507c3ba29e9f0063c218124c58725 av_one_third  avia-builder-el-18  el_after_av_one_third  el_before_av_one_third  no_margin flex_column_table_cell av-equal-height-column av-align-middle  '     ><style type=\"text\/css\" data-created_by=\"avia_inline_auto\" id=\"style-css-av-2s40es-4ed388e3a21e5ac86f3230a5db1eeea1\">\n.avia-image-container.av-2s40es-4ed388e3a21e5ac86f3230a5db1eeea1 img.avia_image{\nbox-shadow:none;\n}\n.avia-image-container.av-2s40es-4ed388e3a21e5ac86f3230a5db1eeea1 .av-image-caption-overlay-center{\ncolor:#ffffff;\n}\n<\/style>\n<div  class='avia-image-container av-2s40es-4ed388e3a21e5ac86f3230a5db1eeea1 av-styling-no-styling avia-align-center  avia-builder-el-19  avia-builder-el-no-sibling '   itemprop=\"image\" itemscope=\"itemscope\" itemtype=\"https:\/\/schema.org\/ImageObject\" ><div class=\"avia-image-container-inner\"><div class=\"avia-image-overlay-wrap\"><img decoding=\"async\" fetchpriority=\"high\" class='wp-image-46543 avia-img-lazy-loading-not-46543 avia_image ' src=\"https:\/\/old.icpraha.com\/wp-content\/uploads\/2025\/01\/Spolufinancov-no-Evropskou-uni\u00a1-Barevn\u201a-1030x267.png\" alt='' title='Spolufinancov\u00a0no Evropskou uni\u00a1 Barevn\u201a'  height=\"267\" width=\"1030\"  itemprop=\"thumbnailUrl\" srcset=\"https:\/\/old.icpraha.com\/wp-content\/uploads\/2025\/01\/Spolufinancov-no-Evropskou-uni\u00a1-Barevn\u201a-1030x267.png 1030w, https:\/\/old.icpraha.com\/wp-content\/uploads\/2025\/01\/Spolufinancov-no-Evropskou-uni\u00a1-Barevn\u201a-300x78.png 300w, https:\/\/old.icpraha.com\/wp-content\/uploads\/2025\/01\/Spolufinancov-no-Evropskou-uni\u00a1-Barevn\u201a-768x199.png 768w, https:\/\/old.icpraha.com\/wp-content\/uploads\/2025\/01\/Spolufinancov-no-Evropskou-uni\u00a1-Barevn\u201a-1536x398.png 1536w, https:\/\/old.icpraha.com\/wp-content\/uploads\/2025\/01\/Spolufinancov-no-Evropskou-uni\u00a1-Barevn\u201a-2048x531.png 2048w, https:\/\/old.icpraha.com\/wp-content\/uploads\/2025\/01\/Spolufinancov-no-Evropskou-uni\u00a1-Barevn\u201a-1500x389.png 1500w, https:\/\/old.icpraha.com\/wp-content\/uploads\/2025\/01\/Spolufinancov-no-Evropskou-uni\u00a1-Barevn\u201a-705x183.png 705w\" sizes=\"(max-width: 1030px) 100vw, 1030px\" \/><\/div><\/div><\/div><\/div>\n<style type=\"text\/css\" data-created_by=\"avia_inline_auto\" id=\"style-css-av-bp233-10-9d40b07e4e2edc74554a817658c98f9f\">\n#top .flex_column_table.av-equal-height-column-flextable.av-bp233-10-9d40b07e4e2edc74554a817658c98f9f{\nmargin-top:0px;\nmargin-bottom:30px;\n}\n.flex_column.av-bp233-10-9d40b07e4e2edc74554a817658c98f9f{\nborder-radius:0px 10px 10px 0px;\npadding:30px 30px 30px 30px;\nbackground-color:#ffffff;\n}\n<\/style>\n<div  class='flex_column av-bp233-10-9d40b07e4e2edc74554a817658c98f9f av_one_third  avia-builder-el-20  el_after_av_one_third  el_before_av_one_full  no_margin flex_column_table_cell av-equal-height-column av-align-middle  '     ><style type=\"text\/css\" data-created_by=\"avia_inline_auto\" id=\"style-css-av-jpbcj3v7-9-3a160aaeb4c999b7727de30cd8a56965\">\n.avia-image-container.av-jpbcj3v7-9-3a160aaeb4c999b7727de30cd8a56965 img.avia_image{\nbox-shadow:none;\n}\n.avia-image-container.av-jpbcj3v7-9-3a160aaeb4c999b7727de30cd8a56965 .av-image-caption-overlay-center{\ncolor:#ffffff;\n}\n<\/style>\n<div  class='avia-image-container av-jpbcj3v7-9-3a160aaeb4c999b7727de30cd8a56965 av-styling-no-styling avia-align-center  avia-builder-el-21  avia-builder-el-no-sibling '   itemprop=\"image\" itemscope=\"itemscope\" itemtype=\"https:\/\/schema.org\/ImageObject\" ><div class=\"avia-image-container-inner\"><div class=\"avia-image-overlay-wrap\"><img decoding=\"async\" fetchpriority=\"high\" class='wp-image-47464 avia-img-lazy-loading-not-47464 avia_image ' src=\"https:\/\/old.icpraha.com\/wp-content\/uploads\/2025\/02\/MVCR.png\" alt='' title='MVC\u030cR'  height=\"200\" width=\"300\"  itemprop=\"thumbnailUrl\"  \/><\/div><\/div><\/div><\/div><\/div><!--close column table wrapper. Autoclose: 1 --><div class='flex_column_table av-bp233-8-d3e7d71f72644c949c7bd21cf6f0c0ac sc-av_one_full av-break-at-tablet-flextable av-equal-height-column-flextable'>\n<style type=\"text\/css\" data-created_by=\"avia_inline_auto\" id=\"style-css-av-bp233-8-d3e7d71f72644c949c7bd21cf6f0c0ac\">\n#top .flex_column_table.av-equal-height-column-flextable.av-bp233-8-d3e7d71f72644c949c7bd21cf6f0c0ac{\nmargin-top:0px;\nmargin-bottom:30px;\n}\n.flex_column.av-bp233-8-d3e7d71f72644c949c7bd21cf6f0c0ac{\nborder-radius:10px 10px 10px 10px;\npadding:30px 30px 30px 30px;\nbackground-color:#ffffff;\n}\n<\/style>\n<div  class='flex_column av-bp233-8-d3e7d71f72644c949c7bd21cf6f0c0ac av_one_full  avia-builder-el-22  el_after_av_one_third  avia-builder-el-last  first av-break-at-tablet flex_column_table_cell av-equal-height-column av-align-middle  column-top-margin'     ><section  class='av_textblock_section av-k3ilrrq3-b303234bf9c0bb17aa40262981437b86 '   itemscope=\"itemscope\" itemtype=\"https:\/\/schema.org\/BlogPosting\" itemprop=\"blogPost\" ><div class='avia_textblock'  itemprop=\"text\" ><p style=\"text-align: center;\">Projekt Integrac\u030cni\u0301 centrum Praha XI, reg.\u010d. CZ.12.01.02\/00\/24_022\/0000076, je spolufinancov\u00e1n Evropskou uni\u00ed a z rozpo\u010dtu Ministerstva vnitra \u010cesk\u00e9 republiky.<\/p>\n<\/div><\/section><br \/>\n<section  class='av_textblock_section av-m3kbp7d8-d1734cf77465905a021509d605eae39a '   itemscope=\"itemscope\" itemtype=\"https:\/\/schema.org\/BlogPosting\" itemprop=\"blogPost\" ><div class='avia_textblock'  itemprop=\"text\" ><p style=\"text-align: center;\">&#8220;Funded by the European Union. However, the views and opinions expressed are those of the authors only and do not necessarily reflect those of the European Union or the Czech National Agency for International Education and Research. Neither the European Union nor the grant provider can be held responsible for them.&#8221;<\/p>\n<\/div><\/section><\/p><\/div><\/div><!--close column table wrapper. Autoclose: 1 -->\n<\/p>\n","protected":false},"excerpt":{"rendered":"<p>How can you teach a language to someone carrying trauma from war or forced displacement? And how can teachers set healthy boundaries for themselves? These are some of the questions addressed by a new international project under the Erasmus+ programme, which our organization is proud to be part of.<\/p>\n","protected":false},"author":6,"featured_media":48785,"comment_status":"closed","ping_status":"closed","sticky":false,"template":"","format":"standard","meta":{"footnotes":""},"categories":[58,115],"tags":[],"class_list":["post-48842","post","type-post","status-publish","format-standard","has-post-thumbnail","hentry","category-news-category","category-other"],"yoast_head":"<!-- This site is optimized with the Yoast SEO plugin v25.3 - https:\/\/yoast.com\/wordpress\/plugins\/seo\/ -->\n<title>A New Erasmus+ Project Will Teach Language Instructors to Use Art Therapy in Refugee Education - Integra\u010dn\u00ed centrum Praha<\/title>\n<meta name=\"robots\" content=\"noindex, follow, max-snippet:-1, max-image-preview:large, max-video-preview:-1\" \/>\n<meta property=\"og:locale\" content=\"en_US\" \/>\n<meta property=\"og:type\" content=\"article\" \/>\n<meta property=\"og:title\" content=\"A New Erasmus+ Project Will Teach Language Instructors to Use Art Therapy in Refugee Education - Integra\u010dn\u00ed centrum Praha\" \/>\n<meta property=\"og:description\" content=\"How can you teach a language to someone carrying trauma from war or forced displacement? And how can teachers set healthy boundaries for themselves? These are some of the questions addressed by a new international project under the Erasmus+ programme, which our organization is proud to be part of.\" \/>\n<meta property=\"og:url\" content=\"https:\/\/old.icpraha.com\/novy-projekt-erasmus-nauci-lektory-vyuzivat-arteterapii-ve-vyuce-uprchliku\/\" \/>\n<meta property=\"og:site_name\" content=\"Integra\u010dn\u00ed centrum Praha\" \/>\n<meta property=\"article:publisher\" content=\"https:\/\/www.facebook.com\/ICPraha\" \/>\n<meta property=\"article:published_time\" content=\"2025-04-11T16:06:05+00:00\" \/>\n<meta property=\"article:modified_time\" content=\"2025-06-26T15:43:41+00:00\" \/>\n<meta property=\"og:image\" content=\"https:\/\/old.icpraha.com\/wp-content\/uploads\/2025\/04\/IMG-20250309-WA0033-scaled.jpg\" \/>\n\t<meta property=\"og:image:width\" content=\"1500\" \/>\n\t<meta property=\"og:image:height\" content=\"1125\" \/>\n\t<meta property=\"og:image:type\" content=\"image\/jpeg\" \/>\n<meta name=\"author\" content=\"M\u00ed\u0161a\" \/>\n<meta name=\"twitter:card\" content=\"summary_large_image\" \/>\n<meta name=\"twitter:creator\" content=\"@ICPraha\" \/>\n<meta name=\"twitter:site\" content=\"@ICPraha\" \/>\n<meta name=\"twitter:label1\" content=\"Written by\" \/>\n\t<meta name=\"twitter:data1\" content=\"M\u00ed\u0161a\" \/>\n\t<meta name=\"twitter:label2\" content=\"Est. reading time\" \/>\n\t<meta name=\"twitter:data2\" content=\"8 minutes\" \/>\n<script type=\"application\/ld+json\" class=\"yoast-schema-graph\">{\"@context\":\"https:\/\/schema.org\",\"@graph\":[{\"@type\":\"Article\",\"@id\":\"https:\/\/old.icpraha.com\/novy-projekt-erasmus-nauci-lektory-vyuzivat-arteterapii-ve-vyuce-uprchliku\/#article\",\"isPartOf\":{\"@id\":\"https:\/\/old.icpraha.com\/novy-projekt-erasmus-nauci-lektory-vyuzivat-arteterapii-ve-vyuce-uprchliku\/\"},\"author\":{\"name\":\"M\u00ed\u0161a\",\"@id\":\"https:\/\/icpraha.com\/uk\/#\/schema\/person\/3fc614dcde1435348144ed96d9c50a96\"},\"headline\":\"A New Erasmus+ Project Will Teach Language Instructors to Use Art Therapy in Refugee Education\",\"datePublished\":\"2025-04-11T16:06:05+00:00\",\"dateModified\":\"2025-06-26T15:43:41+00:00\",\"mainEntityOfPage\":{\"@id\":\"https:\/\/old.icpraha.com\/novy-projekt-erasmus-nauci-lektory-vyuzivat-arteterapii-ve-vyuce-uprchliku\/\"},\"wordCount\":5386,\"publisher\":{\"@id\":\"https:\/\/icpraha.com\/uk\/#organization\"},\"image\":{\"@id\":\"https:\/\/old.icpraha.com\/novy-projekt-erasmus-nauci-lektory-vyuzivat-arteterapii-ve-vyuce-uprchliku\/#primaryimage\"},\"thumbnailUrl\":\"https:\/\/old.icpraha.com\/wp-content\/uploads\/2025\/04\/IMG-20250309-WA0033-scaled.jpg\",\"articleSection\":[\"News\",\"Other\"],\"inLanguage\":\"en-US\"},{\"@type\":\"WebPage\",\"@id\":\"https:\/\/old.icpraha.com\/novy-projekt-erasmus-nauci-lektory-vyuzivat-arteterapii-ve-vyuce-uprchliku\/\",\"url\":\"https:\/\/old.icpraha.com\/novy-projekt-erasmus-nauci-lektory-vyuzivat-arteterapii-ve-vyuce-uprchliku\/\",\"name\":\"A New Erasmus+ Project Will Teach Language Instructors to Use Art Therapy in Refugee Education - Integra\u010dn\u00ed centrum Praha\",\"isPartOf\":{\"@id\":\"https:\/\/icpraha.com\/uk\/#website\"},\"primaryImageOfPage\":{\"@id\":\"https:\/\/old.icpraha.com\/novy-projekt-erasmus-nauci-lektory-vyuzivat-arteterapii-ve-vyuce-uprchliku\/#primaryimage\"},\"image\":{\"@id\":\"https:\/\/old.icpraha.com\/novy-projekt-erasmus-nauci-lektory-vyuzivat-arteterapii-ve-vyuce-uprchliku\/#primaryimage\"},\"thumbnailUrl\":\"https:\/\/old.icpraha.com\/wp-content\/uploads\/2025\/04\/IMG-20250309-WA0033-scaled.jpg\",\"datePublished\":\"2025-04-11T16:06:05+00:00\",\"dateModified\":\"2025-06-26T15:43:41+00:00\",\"breadcrumb\":{\"@id\":\"https:\/\/old.icpraha.com\/novy-projekt-erasmus-nauci-lektory-vyuzivat-arteterapii-ve-vyuce-uprchliku\/#breadcrumb\"},\"inLanguage\":\"en-US\",\"potentialAction\":[{\"@type\":\"ReadAction\",\"target\":[\"https:\/\/old.icpraha.com\/novy-projekt-erasmus-nauci-lektory-vyuzivat-arteterapii-ve-vyuce-uprchliku\/\"]}]},{\"@type\":\"ImageObject\",\"inLanguage\":\"en-US\",\"@id\":\"https:\/\/old.icpraha.com\/novy-projekt-erasmus-nauci-lektory-vyuzivat-arteterapii-ve-vyuce-uprchliku\/#primaryimage\",\"url\":\"https:\/\/old.icpraha.com\/wp-content\/uploads\/2025\/04\/IMG-20250309-WA0033-scaled.jpg\",\"contentUrl\":\"https:\/\/old.icpraha.com\/wp-content\/uploads\/2025\/04\/IMG-20250309-WA0033-scaled.jpg\",\"width\":1500,\"height\":1125},{\"@type\":\"BreadcrumbList\",\"@id\":\"https:\/\/old.icpraha.com\/novy-projekt-erasmus-nauci-lektory-vyuzivat-arteterapii-ve-vyuce-uprchliku\/#breadcrumb\",\"itemListElement\":[{\"@type\":\"ListItem\",\"position\":1,\"name\":\"Dom\u016f\",\"item\":\"https:\/\/icpraha.com\/en\/\"},{\"@type\":\"ListItem\",\"position\":2,\"name\":\"A New Erasmus+ Project Will Teach Language Instructors to Use Art Therapy in Refugee Education\"}]},{\"@type\":\"WebSite\",\"@id\":\"https:\/\/icpraha.com\/uk\/#website\",\"url\":\"https:\/\/icpraha.com\/uk\/\",\"name\":\"Integra\u010dn\u00ed centrum Praha\",\"description\":\"Praha \u2013 Metropole v\u0161ech\",\"publisher\":{\"@id\":\"https:\/\/icpraha.com\/uk\/#organization\"},\"potentialAction\":[{\"@type\":\"SearchAction\",\"target\":{\"@type\":\"EntryPoint\",\"urlTemplate\":\"https:\/\/icpraha.com\/uk\/?s={search_term_string}\"},\"query-input\":{\"@type\":\"PropertyValueSpecification\",\"valueRequired\":true,\"valueName\":\"search_term_string\"}}],\"inLanguage\":\"en-US\"},{\"@type\":\"Organization\",\"@id\":\"https:\/\/icpraha.com\/uk\/#organization\",\"name\":\"Integra\u010dn\u00ed centrum Praha o.p.s.\",\"url\":\"https:\/\/icpraha.com\/uk\/\",\"logo\":{\"@type\":\"ImageObject\",\"inLanguage\":\"en-US\",\"@id\":\"https:\/\/icpraha.com\/uk\/#\/schema\/logo\/image\/\",\"url\":\"https:\/\/old.icpraha.com\/wp-content\/uploads\/2018\/08\/ICP-full-color-medium.png\",\"contentUrl\":\"https:\/\/old.icpraha.com\/wp-content\/uploads\/2018\/08\/ICP-full-color-medium.png\",\"width\":1000,\"height\":429,\"caption\":\"Integra\u010dn\u00ed centrum Praha o.p.s.\"},\"image\":{\"@id\":\"https:\/\/icpraha.com\/uk\/#\/schema\/logo\/image\/\"},\"sameAs\":[\"https:\/\/www.facebook.com\/ICPraha\",\"https:\/\/x.com\/ICPraha\",\"https:\/\/www.instagram.com\/icpraha\"]},{\"@type\":\"Person\",\"@id\":\"https:\/\/icpraha.com\/uk\/#\/schema\/person\/3fc614dcde1435348144ed96d9c50a96\",\"name\":\"M\u00ed\u0161a\"}]}<\/script>\n<!-- \/ Yoast SEO plugin. -->","yoast_head_json":{"title":"A New Erasmus+ Project Will Teach Language Instructors to Use Art Therapy in Refugee Education - Integra\u010dn\u00ed centrum Praha","robots":{"index":"noindex","follow":"follow","max-snippet":"max-snippet:-1","max-image-preview":"max-image-preview:large","max-video-preview":"max-video-preview:-1"},"og_locale":"en_US","og_type":"article","og_title":"A New Erasmus+ Project Will Teach Language Instructors to Use Art Therapy in Refugee Education - Integra\u010dn\u00ed centrum Praha","og_description":"How can you teach a language to someone carrying trauma from war or forced displacement? And how can teachers set healthy boundaries for themselves? These are some of the questions addressed by a new international project under the Erasmus+ programme, which our organization is proud to be part of.","og_url":"https:\/\/old.icpraha.com\/novy-projekt-erasmus-nauci-lektory-vyuzivat-arteterapii-ve-vyuce-uprchliku\/","og_site_name":"Integra\u010dn\u00ed centrum Praha","article_publisher":"https:\/\/www.facebook.com\/ICPraha","article_published_time":"2025-04-11T16:06:05+00:00","article_modified_time":"2025-06-26T15:43:41+00:00","og_image":[{"width":1500,"height":1125,"url":"https:\/\/old.icpraha.com\/wp-content\/uploads\/2025\/04\/IMG-20250309-WA0033-scaled.jpg","type":"image\/jpeg"}],"author":"M\u00ed\u0161a","twitter_card":"summary_large_image","twitter_creator":"@ICPraha","twitter_site":"@ICPraha","twitter_misc":{"Written by":"M\u00ed\u0161a","Est. reading time":"8 minutes"},"schema":{"@context":"https:\/\/schema.org","@graph":[{"@type":"Article","@id":"https:\/\/old.icpraha.com\/novy-projekt-erasmus-nauci-lektory-vyuzivat-arteterapii-ve-vyuce-uprchliku\/#article","isPartOf":{"@id":"https:\/\/old.icpraha.com\/novy-projekt-erasmus-nauci-lektory-vyuzivat-arteterapii-ve-vyuce-uprchliku\/"},"author":{"name":"M\u00ed\u0161a","@id":"https:\/\/icpraha.com\/uk\/#\/schema\/person\/3fc614dcde1435348144ed96d9c50a96"},"headline":"A New Erasmus+ Project Will Teach Language Instructors to Use Art Therapy in Refugee Education","datePublished":"2025-04-11T16:06:05+00:00","dateModified":"2025-06-26T15:43:41+00:00","mainEntityOfPage":{"@id":"https:\/\/old.icpraha.com\/novy-projekt-erasmus-nauci-lektory-vyuzivat-arteterapii-ve-vyuce-uprchliku\/"},"wordCount":5386,"publisher":{"@id":"https:\/\/icpraha.com\/uk\/#organization"},"image":{"@id":"https:\/\/old.icpraha.com\/novy-projekt-erasmus-nauci-lektory-vyuzivat-arteterapii-ve-vyuce-uprchliku\/#primaryimage"},"thumbnailUrl":"https:\/\/old.icpraha.com\/wp-content\/uploads\/2025\/04\/IMG-20250309-WA0033-scaled.jpg","articleSection":["News","Other"],"inLanguage":"en-US"},{"@type":"WebPage","@id":"https:\/\/old.icpraha.com\/novy-projekt-erasmus-nauci-lektory-vyuzivat-arteterapii-ve-vyuce-uprchliku\/","url":"https:\/\/old.icpraha.com\/novy-projekt-erasmus-nauci-lektory-vyuzivat-arteterapii-ve-vyuce-uprchliku\/","name":"A New Erasmus+ Project Will Teach Language Instructors to Use Art Therapy in Refugee Education - Integra\u010dn\u00ed centrum Praha","isPartOf":{"@id":"https:\/\/icpraha.com\/uk\/#website"},"primaryImageOfPage":{"@id":"https:\/\/old.icpraha.com\/novy-projekt-erasmus-nauci-lektory-vyuzivat-arteterapii-ve-vyuce-uprchliku\/#primaryimage"},"image":{"@id":"https:\/\/old.icpraha.com\/novy-projekt-erasmus-nauci-lektory-vyuzivat-arteterapii-ve-vyuce-uprchliku\/#primaryimage"},"thumbnailUrl":"https:\/\/old.icpraha.com\/wp-content\/uploads\/2025\/04\/IMG-20250309-WA0033-scaled.jpg","datePublished":"2025-04-11T16:06:05+00:00","dateModified":"2025-06-26T15:43:41+00:00","breadcrumb":{"@id":"https:\/\/old.icpraha.com\/novy-projekt-erasmus-nauci-lektory-vyuzivat-arteterapii-ve-vyuce-uprchliku\/#breadcrumb"},"inLanguage":"en-US","potentialAction":[{"@type":"ReadAction","target":["https:\/\/old.icpraha.com\/novy-projekt-erasmus-nauci-lektory-vyuzivat-arteterapii-ve-vyuce-uprchliku\/"]}]},{"@type":"ImageObject","inLanguage":"en-US","@id":"https:\/\/old.icpraha.com\/novy-projekt-erasmus-nauci-lektory-vyuzivat-arteterapii-ve-vyuce-uprchliku\/#primaryimage","url":"https:\/\/old.icpraha.com\/wp-content\/uploads\/2025\/04\/IMG-20250309-WA0033-scaled.jpg","contentUrl":"https:\/\/old.icpraha.com\/wp-content\/uploads\/2025\/04\/IMG-20250309-WA0033-scaled.jpg","width":1500,"height":1125},{"@type":"BreadcrumbList","@id":"https:\/\/old.icpraha.com\/novy-projekt-erasmus-nauci-lektory-vyuzivat-arteterapii-ve-vyuce-uprchliku\/#breadcrumb","itemListElement":[{"@type":"ListItem","position":1,"name":"Dom\u016f","item":"https:\/\/icpraha.com\/en\/"},{"@type":"ListItem","position":2,"name":"A New Erasmus+ Project Will Teach Language Instructors to Use Art Therapy in Refugee Education"}]},{"@type":"WebSite","@id":"https:\/\/icpraha.com\/uk\/#website","url":"https:\/\/icpraha.com\/uk\/","name":"Integra\u010dn\u00ed centrum Praha","description":"Praha \u2013 Metropole v\u0161ech","publisher":{"@id":"https:\/\/icpraha.com\/uk\/#organization"},"potentialAction":[{"@type":"SearchAction","target":{"@type":"EntryPoint","urlTemplate":"https:\/\/icpraha.com\/uk\/?s={search_term_string}"},"query-input":{"@type":"PropertyValueSpecification","valueRequired":true,"valueName":"search_term_string"}}],"inLanguage":"en-US"},{"@type":"Organization","@id":"https:\/\/icpraha.com\/uk\/#organization","name":"Integra\u010dn\u00ed centrum Praha o.p.s.","url":"https:\/\/icpraha.com\/uk\/","logo":{"@type":"ImageObject","inLanguage":"en-US","@id":"https:\/\/icpraha.com\/uk\/#\/schema\/logo\/image\/","url":"https:\/\/old.icpraha.com\/wp-content\/uploads\/2018\/08\/ICP-full-color-medium.png","contentUrl":"https:\/\/old.icpraha.com\/wp-content\/uploads\/2018\/08\/ICP-full-color-medium.png","width":1000,"height":429,"caption":"Integra\u010dn\u00ed centrum Praha o.p.s."},"image":{"@id":"https:\/\/icpraha.com\/uk\/#\/schema\/logo\/image\/"},"sameAs":["https:\/\/www.facebook.com\/ICPraha","https:\/\/x.com\/ICPraha","https:\/\/www.instagram.com\/icpraha"]},{"@type":"Person","@id":"https:\/\/icpraha.com\/uk\/#\/schema\/person\/3fc614dcde1435348144ed96d9c50a96","name":"M\u00ed\u0161a"}]}},"_links":{"self":[{"href":"https:\/\/old.icpraha.com\/en\/wp-json\/wp\/v2\/posts\/48842","targetHints":{"allow":["GET"]}}],"collection":[{"href":"https:\/\/old.icpraha.com\/en\/wp-json\/wp\/v2\/posts"}],"about":[{"href":"https:\/\/old.icpraha.com\/en\/wp-json\/wp\/v2\/types\/post"}],"author":[{"embeddable":true,"href":"https:\/\/old.icpraha.com\/en\/wp-json\/wp\/v2\/users\/6"}],"replies":[{"embeddable":true,"href":"https:\/\/old.icpraha.com\/en\/wp-json\/wp\/v2\/comments?post=48842"}],"version-history":[{"count":0,"href":"https:\/\/old.icpraha.com\/en\/wp-json\/wp\/v2\/posts\/48842\/revisions"}],"wp:featuredmedia":[{"embeddable":true,"href":"https:\/\/old.icpraha.com\/en\/wp-json\/wp\/v2\/media\/48785"}],"wp:attachment":[{"href":"https:\/\/old.icpraha.com\/en\/wp-json\/wp\/v2\/media?parent=48842"}],"wp:term":[{"taxonomy":"category","embeddable":true,"href":"https:\/\/old.icpraha.com\/en\/wp-json\/wp\/v2\/categories?post=48842"},{"taxonomy":"post_tag","embeddable":true,"href":"https:\/\/old.icpraha.com\/en\/wp-json\/wp\/v2\/tags?post=48842"}],"curies":[{"name":"wp","href":"https:\/\/api.w.org\/{rel}","templated":true}]}}